{"id":130700,"date":"2025-02-05T23:15:58","date_gmt":"2025-02-06T05:15:58","guid":{"rendered":"https:\/\/diariodigitalmx.com\/?p=130700"},"modified":"2025-02-05T23:36:15","modified_gmt":"2025-02-06T05:36:15","slug":"dicen-la-proxima-semana-reanuda-proceso-de-juicio-politico-contra-samuel-garcia","status":"publish","type":"post","link":"https:\/\/diariodigitalmx.com\/index.php\/2025\/02\/05\/dicen-la-proxima-semana-reanuda-proceso-de-juicio-politico-contra-samuel-garcia\/","title":{"rendered":"Dicen la pr\u00f3xima semana reanuda proceso de juicio pol\u00edtico\u00a0 contra Samuel Garc\u00eda"},"content":{"rendered":"\n<p>Monterrey. &#8211;&nbsp; La pr\u00f3xima semana la Comisi\u00f3n Anticorrupci\u00f3n del Congreso local<strong>&nbsp;reanudar\u00e1n<\/strong>&nbsp;los trabajos&nbsp; del proceso de juicio pol\u00edtico contra el gobernador Samuel Garc\u00eda, inform\u00f3 la diputada Lorena de la Garza.<\/p>\n\n\n\n<p>El Congreso tambi\u00e9n fue notificado de la suspensi\u00f3n definitiva de amparo del gobernador Garc\u00eda -v\u00eda el oficio 105\/2025 emitido por el propio Juzgado- el cual fue tramitado ante un Juez, de Reynosa, Tamaulipas.<\/p>\n\n\n\n<p>El resolutivo advierte, \u00fanicamente, que el Legislativo tendr\u00e1 que abstenerse de emitir cualquier dictamen definitivo hasta que se resuelva el fondo del amparo, lo que implica que puede avanzar con todo el proceso.<\/p>\n\n\n\n<p>&#8220;Ya nos lleg\u00f3 la notificaci\u00f3n de la suspensi\u00f3n definitiva y con esa, se nos da la posibilidad de que s\u00ed sesione la Comisi\u00f3n Anticorrupci\u00f3n, hay una parte en donde se se\u00f1ala que lo que no podemos hacer es llegar al momento de la votaci\u00f3n definitiva, lo que interpretamos que es hasta el momento de la votaci\u00f3n en el Pleno, pero s\u00ed podemos avanzar en los trabajos de la Comisi\u00f3n en este tema&#8221;, comunic\u00f3 la presidenta del Congreso.<\/p>\n\n\n\n<p><strong>Samuel Garc\u00eda tramit\u00f3<\/strong>&nbsp;un amparo ante un Juez S\u00e9ptimo de Distrito de Tamaulipas para \u00e9l y once integrantes de su familia y de la de su esposa.<\/p>\n\n\n\n<p>&nbsp;Son embargo, no hay impedimento legal, y se estar\u00e1 convocando a los integrantes de la comisi\u00f3n a reanudar la sesi\u00f3n permanente que se abri\u00f3 en noviembre y que contempla&nbsp; las solicitudes de juicio pol\u00edtico presentadas contra el gobernador.<\/p>\n\n\n\n<p>&#8220;Voy a hablar con la secretar\u00eda t\u00e9cnica de la Comisi\u00f3n Anticorrupci\u00f3n y esperamos citar a los compa\u00f1eros integrantes de la Comisi\u00f3n a la brevedad para ver este asunto, creo que es un asunto que estar\u00edamos viendo ya<strong>&nbsp;la pr\u00f3xima semana&#8221;, adelant\u00f3<\/strong>.<\/p>\n\n\n\n<p>El gobernador acumula&nbsp;<strong>18 sentencias emitidas<\/strong>&nbsp;por los tribunales electorales a nivel federal y local por uso indebido de recursos p\u00fablicos y violentar los principios de equidad y neutralidad en el pasado proceso electoral.<\/p>\n\n\n\n<p>Se inform\u00f3 que para obtener la suspensi\u00f3n definitiva de amparo contra acciones derivadas de juicios pol\u00edticos en su contra, el&nbsp;<strong>gobernador<\/strong>&nbsp;deposit\u00f3 una<strong>&nbsp;fianza de un mill\u00f3n de pesos<\/strong>&nbsp;ante el Juez S\u00e9ptimo de Distrito, con sede en Reynosa, Tamaulipas.<\/p>\n\n\n\n<p>Samuel Garc\u00eda enfrenta juicios pol\u00edticos por no presentar el presupuesto 2023 y 2024, adem\u00e1s del uso indebido de recursos p\u00fablicos.<\/p>\n","protected":false},"excerpt":{"rendered":"<p>Monterrey. &#8211;&nbsp; La pr\u00f3xima semana la Comisi\u00f3n Anticorrupci\u00f3n del Congreso local&nbsp;reanudar\u00e1n&nbsp;los trabajos&nbsp; del proceso de juicio pol\u00edtico contra el gobernador Samuel Garc\u00eda, inform\u00f3 la diputada Lorena de la Garza. El Congreso tambi\u00e9n fue notificado de la suspensi\u00f3n definitiva de amparo del gobernador Garc\u00eda -v\u00eda el oficio 105\/2025 emitido por el propio Juzgado- el cual fue [&hellip;]<\/p>\n","protected":false},"author":1,"featured_media":130723,"comment_status":"open","ping_status":"open","sticky":true,"template":"","format":"standard","meta":{"footnotes":""},"categories":[6,3,5],"tags":[],"_links":{"self":[{"href":"https:\/\/diariodigitalmx.com\/index.php\/wp-json\/wp\/v2\/posts\/130700"}],"collection":[{"href":"https:\/\/diariodigitalmx.com\/index.php\/wp-json\/wp\/v2\/posts"}],"about":[{"href":"https:\/\/diariodigitalmx.com\/index.php\/wp-json\/wp\/v2\/types\/post"}],"author":[{"embeddable":true,"href":"https:\/\/diariodigitalmx.com\/index.php\/wp-json\/wp\/v2\/users\/1"}],"replies":[{"embeddable":true,"href":"https:\/\/diariodigitalmx.com\/index.php\/wp-json\/wp\/v2\/comments?post=130700"}],"version-history":[{"count":1,"href":"https:\/\/diariodigitalmx.com\/index.php\/wp-json\/wp\/v2\/posts\/130700\/revisions"}],"predecessor-version":[{"id":130701,"href":"https:\/\/diariodigitalmx.com\/index.php\/wp-json\/wp\/v2\/posts\/130700\/revisions\/130701"}],"wp:featuredmedia":[{"embeddable":true,"href":"https:\/\/diariodigitalmx.com\/index.php\/wp-json\/wp\/v2\/media\/130723"}],"wp:attachment":[{"href":"https:\/\/diariodigitalmx.com\/index.php\/wp-json\/wp\/v2\/media?parent=130700"}],"wp:term":[{"taxonomy":"category","embeddable":true,"href":"https:\/\/diariodigitalmx.com\/index.php\/wp-json\/wp\/v2\/categories?post=130700"},{"taxonomy":"post_tag","embeddable":true,"href":"https:\/\/diariodigitalmx.com\/index.php\/wp-json\/wp\/v2\/tags?post=130700"}],"curies":[{"name":"wp","href":"https:\/\/api.w.org\/{rel}","templated":true}]}}