{"id":130702,"date":"2025-02-05T23:17:30","date_gmt":"2025-02-06T05:17:30","guid":{"rendered":"https:\/\/diariodigitalmx.com\/?p=130702"},"modified":"2025-02-05T23:34:44","modified_gmt":"2025-02-06T05:34:44","slug":"los-5-de-beethoven-por-primera-vez-en-monterrey","status":"publish","type":"post","link":"https:\/\/diariodigitalmx.com\/index.php\/2025\/02\/05\/los-5-de-beethoven-por-primera-vez-en-monterrey\/","title":{"rendered":"&#8220;Los 5 de Beethoven&#8221;, por primera vez en Monterrey"},"content":{"rendered":"\n<p><strong>Monterrey, Nuevo Le\u00f3n. \u2013&nbsp;<\/strong>En el marco de celebraci\u00f3n por los 30 a\u00f1os de creaci\u00f3n de CONARTE y los 65 a\u00f1os de la OSUANL, el maestro Jorge Federico Osorio trae a Monterrey por primera vez \u201cLos 5 de Beethoven\u201d, en dos veladas que ser\u00e1n de antolog\u00eda musical.<\/p>\n\n\n\n<p>La Secretar\u00eda de Cultura de Nuevo Le\u00f3n y el Consejo para la Cultura y las Artes de Nuevo Le\u00f3n, con la participaci\u00f3n de la Orquesta Sinf\u00f3nica de la Universidad Aut\u00f3noma de Nuevo Le\u00f3n, presentan al afamado pianista mexicano para ofrecer las obras para piano y orquesta del compositor Ludwig van Beethoven.<\/p>\n\n\n\n<figure class=\"wp-block-image size-large\"><img loading=\"lazy\" decoding=\"async\" width=\"1024\" height=\"768\" src=\"https:\/\/diariodigitalmx.com\/wp-content\/uploads\/2025\/02\/RP_Beethoven-1024x768.png\" alt=\"\" class=\"wp-image-130719\" srcset=\"https:\/\/diariodigitalmx.com\/wp-content\/uploads\/2025\/02\/RP_Beethoven-1024x768.png 1024w, https:\/\/diariodigitalmx.com\/wp-content\/uploads\/2025\/02\/RP_Beethoven-300x225.png 300w, https:\/\/diariodigitalmx.com\/wp-content\/uploads\/2025\/02\/RP_Beethoven-768x576.png 768w, https:\/\/diariodigitalmx.com\/wp-content\/uploads\/2025\/02\/RP_Beethoven.png 1280w\" sizes=\"(max-width: 1024px) 100vw, 1024px\" \/><\/figure>\n\n\n\n<p>El p\u00fablico escuchar\u00e1, en dos presentaciones consecutivas, los cinco conciertos, acompa\u00f1ado por la Orquesta Sinf\u00f3nica de la Universidad Aut\u00f3noma de Nuevo Le\u00f3n, bajo la batuta del maestro Eduardo Diazmu\u00f1oz, un evento excepcional que har\u00e1 historia en la Ciudad.<\/p>\n\n\n\n<p>El jueves 13 se interpretar\u00e1n el \u201cConcierto para piano y orquesta No. 1 en do mayor, Op. 15 Allegro con brio, Largo, Rond\u00f3: Allegro scherzando\u201d, \u201cConcierto para piano y orquesta No. 2 en si bemol mayor, Op. 19, Allegro con brio, Adagio, Rondo. Molto allegro\u201d y \u201cConcierto para piano y orquesta No. 3 en do menor, Op. 37, Allegro con brio, Largo y Rondo-Allegro.<\/p>\n\n\n\n<figure class=\"wp-block-image size-large\"><img loading=\"lazy\" decoding=\"async\" width=\"1024\" height=\"768\" src=\"https:\/\/diariodigitalmx.com\/wp-content\/uploads\/2025\/02\/RP_Beethoven_4-1024x768.png\" alt=\"\" class=\"wp-image-130720\" srcset=\"https:\/\/diariodigitalmx.com\/wp-content\/uploads\/2025\/02\/RP_Beethoven_4-1024x768.png 1024w, https:\/\/diariodigitalmx.com\/wp-content\/uploads\/2025\/02\/RP_Beethoven_4-300x225.png 300w, https:\/\/diariodigitalmx.com\/wp-content\/uploads\/2025\/02\/RP_Beethoven_4-768x576.png 768w, https:\/\/diariodigitalmx.com\/wp-content\/uploads\/2025\/02\/RP_Beethoven_4.png 1280w\" sizes=\"(max-width: 1024px) 100vw, 1024px\" \/><\/figure>\n\n\n\n<p>El viernes 14, los asistentes disfrutar\u00e1n la \u201cObertura Coriolano, Op. 62 Ludwig van Beethoven. Concierto para piano y orquesta No. 4 en sol mayor, Op. 58, Allegro moderato, Andante con moto, Rond\u00f3: Vivace\u201d y \u201cConcierto para piano y orquesta No. 5 en si bemol mayor, Op. 73, Emperador Allegro, Adagio un poco mosso y Rond\u00f3: Allegro\u201d.<\/p>\n\n\n\n<p>En rueda de prensa, Melissa Segura Guerrero, Secretaria de Cultura estatal; Ricardo Marcos Gonz\u00e1lez, Secretario T\u00e9cnico de CONARTE, adem\u00e1s de Jos\u00e9 Javier Villarreal, Secretario de Extensi\u00f3n y Cultura de la UANL y Eduardo Diazmu\u00f1oz, director general y art\u00edstico de la OSUANL, hicieron el anuncio de estos conciertos.<\/p>\n","protected":false},"excerpt":{"rendered":"<p>Monterrey, Nuevo Le\u00f3n. \u2013&nbsp;En el marco de celebraci\u00f3n por los 30 a\u00f1os de creaci\u00f3n de CONARTE y los 65 a\u00f1os de la OSUANL, el maestro Jorge Federico Osorio trae a Monterrey por primera vez \u201cLos 5 de Beethoven\u201d, en dos veladas que ser\u00e1n de antolog\u00eda musical. La Secretar\u00eda de Cultura de Nuevo Le\u00f3n y el [&hellip;]<\/p>\n","protected":false},"author":1,"featured_media":130717,"comment_status":"open","ping_status":"open","sticky":true,"template":"","format":"standard","meta":{"footnotes":""},"categories":[11,14],"tags":[],"_links":{"self":[{"href":"https:\/\/diariodigitalmx.com\/index.php\/wp-json\/wp\/v2\/posts\/130702"}],"collection":[{"href":"https:\/\/diariodigitalmx.com\/index.php\/wp-json\/wp\/v2\/posts"}],"about":[{"href":"https:\/\/diariodigitalmx.com\/index.php\/wp-json\/wp\/v2\/types\/post"}],"author":[{"embeddable":true,"href":"https:\/\/diariodigitalmx.com\/index.php\/wp-json\/wp\/v2\/users\/1"}],"replies":[{"embeddable":true,"href":"https:\/\/diariodigitalmx.com\/index.php\/wp-json\/wp\/v2\/comments?post=130702"}],"version-history":[{"count":2,"href":"https:\/\/diariodigitalmx.com\/index.php\/wp-json\/wp\/v2\/posts\/130702\/revisions"}],"predecessor-version":[{"id":130722,"href":"https:\/\/diariodigitalmx.com\/index.php\/wp-json\/wp\/v2\/posts\/130702\/revisions\/130722"}],"wp:featuredmedia":[{"embeddable":true,"href":"https:\/\/diariodigitalmx.com\/index.php\/wp-json\/wp\/v2\/media\/130717"}],"wp:attachment":[{"href":"https:\/\/diariodigitalmx.com\/index.php\/wp-json\/wp\/v2\/media?parent=130702"}],"wp:term":[{"taxonomy":"category","embeddable":true,"href":"https:\/\/diariodigitalmx.com\/index.php\/wp-json\/wp\/v2\/categories?post=130702"},{"taxonomy":"post_tag","embeddable":true,"href":"https:\/\/diariodigitalmx.com\/index.php\/wp-json\/wp\/v2\/tags?post=130702"}],"curies":[{"name":"wp","href":"https:\/\/api.w.org\/{rel}","templated":true}]}}