{"id":130706,"date":"2025-02-05T23:21:02","date_gmt":"2025-02-06T05:21:02","guid":{"rendered":"https:\/\/diariodigitalmx.com\/?p=130706"},"modified":"2025-02-05T23:29:24","modified_gmt":"2025-02-06T05:29:24","slug":"ingresan-50-cadetes-mas-a-la-academia-de-policia-de-monterrey","status":"publish","type":"post","link":"https:\/\/diariodigitalmx.com\/index.php\/2025\/02\/05\/ingresan-50-cadetes-mas-a-la-academia-de-policia-de-monterrey\/","title":{"rendered":"Ingresan 50 cadetes m\u00e1s a la Academia de Polic\u00eda de Monterrey"},"content":{"rendered":"\n<p>Un grupo de 50 cadetes, 19 mujeres y 31 hombres, se integraron este d\u00eda a la Academia y Centro de Capacitaci\u00f3n Continua de la Secretar\u00eda de Seguridad y Protecci\u00f3n a la Ciudadan\u00eda de Monterrey.<\/p>\n\n\n\n<p>El alcalde Adri\u00e1n de la Garza Santos dio la bienvenida a los aspirantes a polic\u00edas, tr\u00e1nsitos y guardias auxiliares, acompa\u00f1ado por el comisario general Eduardo S\u00e1nchez Quiroz.<\/p>\n\n\n\n<p>\u201cSi\u00e9ntanse bien orgullosos de la corporaci\u00f3n de la que est\u00e1n empezando hoy a formar parte y si\u00e9ntanse tambi\u00e9n parte de esta instituci\u00f3n que es fuerte, que tiene capacidad y sobre todo que da resultados a la ciudadan\u00eda, hay que trabajar muy fuerte porque vivimos un momento en el que tenemos que demostrar de que est\u00e1 hecha la ciudad de Monterrey y la Polic\u00eda de Monterrey\u201d, los exhort\u00f3.<\/p>\n\n\n\n<p>Mencion\u00f3 que, con cuatro a\u00f1os de operaciones, la Academia municipal sigue formando elementos de seguridad y a diferencia de otras, la de Monterrey tiene capacidades de investigaci\u00f3n y de generaci\u00f3n de inteligencia.<\/p>\n\n\n\n<p>Tambi\u00e9n los invit\u00f3 a poner todo su empe\u00f1o en la preparaci\u00f3n y a que luego de graduados sigan tomando cursos que les permitir\u00e1n ir adquiriendo m\u00e1s conocimientos y a la vez ir creciendo en la carrera policial.<\/p>\n\n\n\n<p>El alcalde reconoci\u00f3 que en esta profesi\u00f3n vivir\u00e1n momentos de estr\u00e9s, pero estar\u00e1n preparados para enfrentarlos y afirm\u00f3 que tendr\u00e1n m\u00e1s ocasiones de orgullo y satisfacci\u00f3n.<\/p>\n\n\n\n<p>En el evento, S\u00e1nchez Quiroz dijo que cuentan con 89 aspirantes en preparaci\u00f3n, m\u00e1s los 50 que ingresaron este mi\u00e9rcoles.<\/p>\n\n\n\n<p>Desde esta administraci\u00f3n municipal el reclutamiento se realiza en forma directa en estas instalaciones para agilizar los tr\u00e1mites y pruebas que se realizan a los interesados.<\/p>\n\n\n\n<p>Las acciones de reclutamiento forman parte de la estrategia de seguridad ESCUDO para incrementar el estado de fuerza de la corporaci\u00f3n regiomontana.<\/p>\n\n\n\n<p>A la recepci\u00f3n de nuevos cadetes asistieron integrantes del gabinete municipal, jefes de grupo de la Polic\u00eda y directivos de la Academia.<\/p>\n","protected":false},"excerpt":{"rendered":"<p>Un grupo de 50 cadetes, 19 mujeres y 31 hombres, se integraron este d\u00eda a la Academia y Centro de Capacitaci\u00f3n Continua de la Secretar\u00eda de Seguridad y Protecci\u00f3n a la Ciudadan\u00eda de Monterrey. El alcalde Adri\u00e1n de la Garza Santos dio la bienvenida a los aspirantes a polic\u00edas, tr\u00e1nsitos y guardias auxiliares, acompa\u00f1ado por [&hellip;]<\/p>\n","protected":false},"author":1,"featured_media":130715,"comment_status":"open","ping_status":"open","sticky":true,"template":"","format":"standard","meta":{"footnotes":""},"categories":[14,6],"tags":[],"_links":{"self":[{"href":"https:\/\/diariodigitalmx.com\/index.php\/wp-json\/wp\/v2\/posts\/130706"}],"collection":[{"href":"https:\/\/diariodigitalmx.com\/index.php\/wp-json\/wp\/v2\/posts"}],"about":[{"href":"https:\/\/diariodigitalmx.com\/index.php\/wp-json\/wp\/v2\/types\/post"}],"author":[{"embeddable":true,"href":"https:\/\/diariodigitalmx.com\/index.php\/wp-json\/wp\/v2\/users\/1"}],"replies":[{"embeddable":true,"href":"https:\/\/diariodigitalmx.com\/index.php\/wp-json\/wp\/v2\/comments?post=130706"}],"version-history":[{"count":1,"href":"https:\/\/diariodigitalmx.com\/index.php\/wp-json\/wp\/v2\/posts\/130706\/revisions"}],"predecessor-version":[{"id":130707,"href":"https:\/\/diariodigitalmx.com\/index.php\/wp-json\/wp\/v2\/posts\/130706\/revisions\/130707"}],"wp:featuredmedia":[{"embeddable":true,"href":"https:\/\/diariodigitalmx.com\/index.php\/wp-json\/wp\/v2\/media\/130715"}],"wp:attachment":[{"href":"https:\/\/diariodigitalmx.com\/index.php\/wp-json\/wp\/v2\/media?parent=130706"}],"wp:term":[{"taxonomy":"category","embeddable":true,"href":"https:\/\/diariodigitalmx.com\/index.php\/wp-json\/wp\/v2\/categories?post=130706"},{"taxonomy":"post_tag","embeddable":true,"href":"https:\/\/diariodigitalmx.com\/index.php\/wp-json\/wp\/v2\/tags?post=130706"}],"curies":[{"name":"wp","href":"https:\/\/api.w.org\/{rel}","templated":true}]}}