{"id":130730,"date":"2025-02-06T06:43:24","date_gmt":"2025-02-06T12:43:24","guid":{"rendered":"https:\/\/diariodigitalmx.com\/?p=130730"},"modified":"2025-02-06T06:47:36","modified_gmt":"2025-02-06T12:47:36","slug":"se-puede-reducir-la-violencia","status":"publish","type":"post","link":"https:\/\/diariodigitalmx.com\/index.php\/2025\/02\/06\/se-puede-reducir-la-violencia\/","title":{"rendered":"\u00bfSe puede reducir la violencia?"},"content":{"rendered":"\n<p>De frente y de perfil<\/p>\n\n\n\n<p>Ram\u00f3n Zurita Sahag\u00fan<\/p>\n\n\n\n<p>Dos de los principales problemas que afronta el pa\u00eds son los referentes a violencia e inseguridad, temas en los que el gobierno no ha encontrado la f\u00f3rmula para combatirlos con \u00e9xito.<\/p>\n\n\n\n<p>Desde hace seis a\u00f1os se implement\u00f3 la estrategia de abrazos, no balazos, la que no rindi\u00f3 los resultados esperados, por lo que en la presente administraci\u00f3n se recurri\u00f3 a la vieja f\u00f3rmula de actuar en consecuencia.<\/p>\n\n\n\n<p>Son la mitad de los estados del pa\u00eds los que se encuentran inmersos en la lucha contra la delincuencia organizada, la que avanza con pasos agigantados.<\/p>\n\n\n\n<p>Las cifras proporcionadas por el gobierno federal no concuerdan con la percepci\u00f3n de la poblaci\u00f3n que se siente arrinconada y apanicada en diversas ciudades del pa\u00eds.<\/p>\n\n\n\n<p>Son extensas las zonas en las que la delincuencia act\u00faa con total impunidad y algunas regiones que se encontraban fuera del mapa de la violencia, hoy son azotadas por este virus incubado en proporciones alarmantes.<\/p>\n\n\n\n<p>Estrategias van y f\u00f3rmulas fallidas vienen y el avance es poco, aunque de los estados con mayor percepci\u00f3n de violencia e inseguridad parece haber hallado el m\u00e9todo exacto.<\/p>\n\n\n\n<p>Se trata de Chiapas, entidad en la que el pasado gobierno fracas\u00f3 por indolencia la indolencia del anterior gobierno, encabezado por Rutilio Cruz Escand\u00f3n, hoy c\u00f3nsul de M\u00e9xico en Miami.<\/p>\n\n\n\n<p>Rutilio ha sido uno de los peores gobernadores que han pasado por una entidad, en la que muchos de los gobernantes llegaron solamente a enriquecerse, sin tomar en cuenta que es uno de los estados con mayor riqueza, pero en el que la marginaci\u00f3n contin\u00faa haciendo v\u00edctima a sus habitantes.<\/p>\n\n\n\n<p>Durante los seis a\u00f1os del gobierno de Rutilio crecieron temas sobre violencia e inseguridad y los grupos delincuenciales mantuvieron bajo asedio a la poblaci\u00f3n, especialmente en la franja fronteriza.<\/p>\n\n\n\n<p>Pero no solamente en esa \u00e1rea se presentaron problemas, tambi\u00e9n en las principales ciudades como San Crist\u00f3bal de las Casas, Comit\u00e1n, Tuxtla Guti\u00e9rrez y otras m\u00e1s peque\u00f1as donde los delincuentes se daban el \u201clujo\u201d de desfilar por las calles de los pueblos mostrando su armamento, ante la indolencia y apat\u00eda del gobernado Rutilio Cruz Escand\u00f3n.<\/p>\n\n\n\n<p>Las veces que fue encarado sobre el tema el gobernador sal\u00eda con los mismos argumentos que en la actualidad usa Rub\u00e9n Rocha Moya, los medios son los que alarman.<\/p>\n\n\n\n<p>Sin embargo, las muertes se iban acumulando y la gente clamaba por seguridad. El colmo fue que en algunos pueblos, sus habitantes los abandonaron para refugiarse en Guatemala.<\/p>\n\n\n\n<p>Ahora el gobernador, Eduardo Ram\u00edrez muestra que si se pueden bajar los \u00edndices de violencia y actuar en contra de los delincuentes, sin importar los nexos que tengan.<\/p>\n\n\n\n<p>En dos meses de su gesti\u00f3n, hay alcaldes detenidos y polic\u00edas y mandos polic\u00edacos apresados por su vinculaci\u00f3n con los grupos delincuenciales.<\/p>\n\n\n\n<p>No es la primera vez que se confirma que los cuerpos de seguridad p\u00fablica se encuentran infiltrados por la delincuencia, pero son pocas las ocasiones en que se act\u00faa en consecuencia.<\/p>\n\n\n\n<p>El gobernador de Chiapas est\u00e1 dando muestras de que si se puede y todos es cuesti\u00f3n de voluntad.<\/p>\n\n\n\n<p>\u00bfHabr\u00e1 quienes sigan el ejemplo o ser\u00e1 una gota de agua en el desierto la pr\u00e9dica que deja este ejemplo?<\/p>\n\n\n\n<p>&nbsp; &nbsp; &nbsp; &nbsp; &nbsp; &nbsp; &nbsp; &nbsp; &nbsp; &nbsp; &nbsp; &nbsp; &nbsp; &nbsp; &nbsp; &nbsp; &nbsp; &nbsp; &nbsp; &nbsp; &nbsp; &nbsp; &nbsp; &nbsp; &nbsp; &nbsp; &nbsp; &nbsp; &nbsp; &nbsp; &nbsp; &nbsp;\u2026\u2026\u2026\u2026\u2026..<\/p>\n\n\n\n<p>Se est\u00e1 haciendo com\u00fan que los Presidentes de la Rep\u00fablica aprovechen el d\u00eda de aniversario de la Constituci\u00f3n Pol\u00edtica de los Estados Unidos Mexicanos para dar a conocer sus iniciativas de reforma a la llamada Carta Magna. Lo hizo L\u00f3pez Obrador y ahora lo secunda Sheinbaum Pardo, con sus reformas en contra de reelecci\u00f3n y del nepotismo.<\/p>\n\n\n\n<p><a href=\"mailto:ramonzurita44@hotmail.com\" target=\"_blank\" rel=\"noreferrer noopener\">ramonzurita44@hotmail.com<\/a><\/p>\n\n\n\n<p><a href=\"mailto:ramonzurita44@gmail.com\" target=\"_blank\" rel=\"noreferrer noopener\">ramonzurita44@gmail.com<\/a><\/p>\n","protected":false},"excerpt":{"rendered":"<p>De frente y de perfil Ram\u00f3n Zurita Sahag\u00fan Dos de los principales problemas que afronta el pa\u00eds son los referentes a violencia e inseguridad, temas en los que el gobierno no ha encontrado la f\u00f3rmula para combatirlos con \u00e9xito. Desde hace seis a\u00f1os se implement\u00f3 la estrategia de abrazos, no balazos, la que no rindi\u00f3 [&hellip;]<\/p>\n","protected":false},"author":1,"featured_media":130732,"comment_status":"open","ping_status":"open","sticky":true,"template":"","format":"standard","meta":{"footnotes":""},"categories":[14,12],"tags":[],"_links":{"self":[{"href":"https:\/\/diariodigitalmx.com\/index.php\/wp-json\/wp\/v2\/posts\/130730"}],"collection":[{"href":"https:\/\/diariodigitalmx.com\/index.php\/wp-json\/wp\/v2\/posts"}],"about":[{"href":"https:\/\/diariodigitalmx.com\/index.php\/wp-json\/wp\/v2\/types\/post"}],"author":[{"embeddable":true,"href":"https:\/\/diariodigitalmx.com\/index.php\/wp-json\/wp\/v2\/users\/1"}],"replies":[{"embeddable":true,"href":"https:\/\/diariodigitalmx.com\/index.php\/wp-json\/wp\/v2\/comments?post=130730"}],"version-history":[{"count":1,"href":"https:\/\/diariodigitalmx.com\/index.php\/wp-json\/wp\/v2\/posts\/130730\/revisions"}],"predecessor-version":[{"id":130731,"href":"https:\/\/diariodigitalmx.com\/index.php\/wp-json\/wp\/v2\/posts\/130730\/revisions\/130731"}],"wp:featuredmedia":[{"embeddable":true,"href":"https:\/\/diariodigitalmx.com\/index.php\/wp-json\/wp\/v2\/media\/130732"}],"wp:attachment":[{"href":"https:\/\/diariodigitalmx.com\/index.php\/wp-json\/wp\/v2\/media?parent=130730"}],"wp:term":[{"taxonomy":"category","embeddable":true,"href":"https:\/\/diariodigitalmx.com\/index.php\/wp-json\/wp\/v2\/categories?post=130730"},{"taxonomy":"post_tag","embeddable":true,"href":"https:\/\/diariodigitalmx.com\/index.php\/wp-json\/wp\/v2\/tags?post=130730"}],"curies":[{"name":"wp","href":"https:\/\/api.w.org\/{rel}","templated":true}]}}