{"id":130733,"date":"2025-02-06T09:05:01","date_gmt":"2025-02-06T15:05:01","guid":{"rendered":"https:\/\/diariodigitalmx.com\/?p=130733"},"modified":"2025-02-06T09:05:34","modified_gmt":"2025-02-06T15:05:34","slug":"altura-de-miras","status":"publish","type":"post","link":"https:\/\/diariodigitalmx.com\/index.php\/2025\/02\/06\/altura-de-miras\/","title":{"rendered":"Altura de miras"},"content":{"rendered":"\n<p>Ra\u00fal Guajardo Cant\u00fa&nbsp;<\/p>\n\n\n\n<p>Hemos insistido en diferentes ocasiones en que los pol\u00edticos locales deber\u00edan tener altura de miras en la forma en que enfrentan su trabajo, ahora parece que si no se polariza no se hace nada y eso no redunda en beneficio de los ciudadanos.<\/p>\n\n\n\n<p>Durante los primeros tres a\u00f1os del gobierno de Samuel Garc\u00eda, salvo los primeros meses, la t\u00f3nica entre los diferentes grupos pol\u00edticos existentes en el estado, ha sido la confrontaci\u00f3n y parece que ser\u00e1 la misma que se seguir\u00e1 durante el segundo trienio de este gobierno. Aclaramos, no es solo de un lado hacia el otro, de Samuel para con sus adversarios o de estos hacia aquel, sino de todos contra todos, excepto el grupo que ahora se nuclea en el llamado PRIAN.<\/p>\n\n\n\n<p>Los de un bando se\u00f1alan que Samuel ha faltado a sus promesas y este asegura que los de enfrente lo quieren maniatar y no dejarlo gobernar, pero unos y otros evitan ejercer el oficio al que se dedican, o al que se supone que se dedican: la pol\u00edtica.<\/p>\n\n\n\n<p>Porque seg\u00fan nosotros, ser pol\u00edtico implica llegar a acuerdos y cumplirlos, no entender la pol\u00edtica como una guerra de aniquilaci\u00f3n, que es lo que actualmente parece que est\u00e1 sucediendo en la entidad.<\/p>\n\n\n\n<p>Inclusive ahora que se abre la posibilidad de que se apruebe el presupuesto para el presente a\u00f1o, unos dicen que pondr\u00e1n candados porque \u201cese perro ya los mordi\u00f3\u201d, mientras que el otro lado dice que no se sentar\u00e1 a negociar porque lo que se apruebe ser\u00e1 lo que se llevar\u00e1 a cabo en la cuesti\u00f3n presupuestal.<\/p>\n\n\n\n<p>Ojal\u00e1 que los pol\u00edticos de ambas partes dejen de lado la peque\u00f1ez de querer imponer sus condiciones por sobre las otras, que no quieran \u201cvencer\u201d al rival a costa de lo que sea, es cierto que cada uno tiene determinadas concepciones de lo que considera una buena forma de gobernar y establece en funci\u00f3n de ella sus prioridades, pero tambi\u00e9n deber\u00eda quedarles claro que los ciudadanos tenemos derecho a obtener los mejores servicios p\u00fablicos posibles.<\/p>\n\n\n\n<p>Precisamente por eso consideramos que los pol\u00edticos nuevoleoneses deber\u00edan tener altura de miras, de entender que haciendo bien su trabajo pueden llegar a ser mejor evaluados y aceptados por los ciudadanos que dicen representar.<\/p>\n\n\n\n<p>Es cierto que, tambi\u00e9n, pueden tener como objetivo el poder por el poder mismo y no el poder para servir, pero entonces deber\u00edan dedicarse a otra cosa.<\/p>\n\n\n\n<p>Por ahora, estamos a la espera de que los grupos pol\u00edticos en el estado, porque est\u00e1 claro que los diputados locales son la expresi\u00f3n de esos grupos, tengan altura de miras y saquen adelante aquello que sea lo mejor para Nuevo Le\u00f3n.<\/p>\n\n\n\n<p>En caso de que ello no sea as\u00ed, quiz\u00e1 los ciudadanos deber\u00edamos voltear a buscar en otra parte y no en los partidos pol\u00edticos, a quien pudiera encabezar un movimiento que tenga como objetivo servir a Nuevo Le\u00f3n.<\/p>\n\n\n\n<p>Es momento de reflexionar, de dejar de lado el \u00e1nimo guerrero y pensar en lo que se puede y debe hacer por los ciudadanos de este estado. Altura de miras, es lo menos que esperamos.<\/p>\n","protected":false},"excerpt":{"rendered":"<p>Ra\u00fal Guajardo Cant\u00fa&nbsp; Hemos insistido en diferentes ocasiones en que los pol\u00edticos locales deber\u00edan tener altura de miras en la forma en que enfrentan su trabajo, ahora parece que si no se polariza no se hace nada y eso no redunda en beneficio de los ciudadanos. Durante los primeros tres a\u00f1os del gobierno de Samuel [&hellip;]<\/p>\n","protected":false},"author":1,"featured_media":130620,"comment_status":"open","ping_status":"open","sticky":true,"template":"","format":"standard","meta":{"footnotes":""},"categories":[14,12],"tags":[],"_links":{"self":[{"href":"https:\/\/diariodigitalmx.com\/index.php\/wp-json\/wp\/v2\/posts\/130733"}],"collection":[{"href":"https:\/\/diariodigitalmx.com\/index.php\/wp-json\/wp\/v2\/posts"}],"about":[{"href":"https:\/\/diariodigitalmx.com\/index.php\/wp-json\/wp\/v2\/types\/post"}],"author":[{"embeddable":true,"href":"https:\/\/diariodigitalmx.com\/index.php\/wp-json\/wp\/v2\/users\/1"}],"replies":[{"embeddable":true,"href":"https:\/\/diariodigitalmx.com\/index.php\/wp-json\/wp\/v2\/comments?post=130733"}],"version-history":[{"count":1,"href":"https:\/\/diariodigitalmx.com\/index.php\/wp-json\/wp\/v2\/posts\/130733\/revisions"}],"predecessor-version":[{"id":130734,"href":"https:\/\/diariodigitalmx.com\/index.php\/wp-json\/wp\/v2\/posts\/130733\/revisions\/130734"}],"wp:featuredmedia":[{"embeddable":true,"href":"https:\/\/diariodigitalmx.com\/index.php\/wp-json\/wp\/v2\/media\/130620"}],"wp:attachment":[{"href":"https:\/\/diariodigitalmx.com\/index.php\/wp-json\/wp\/v2\/media?parent=130733"}],"wp:term":[{"taxonomy":"category","embeddable":true,"href":"https:\/\/diariodigitalmx.com\/index.php\/wp-json\/wp\/v2\/categories?post=130733"},{"taxonomy":"post_tag","embeddable":true,"href":"https:\/\/diariodigitalmx.com\/index.php\/wp-json\/wp\/v2\/tags?post=130733"}],"curies":[{"name":"wp","href":"https:\/\/api.w.org\/{rel}","templated":true}]}}