{"id":130761,"date":"2025-02-06T19:45:54","date_gmt":"2025-02-07T01:45:54","guid":{"rendered":"https:\/\/diariodigitalmx.com\/?p=130761"},"modified":"2025-02-06T19:51:26","modified_gmt":"2025-02-07T01:51:26","slug":"visita-consul-de-eu-en-monterrey-al-alcalde-adrian-de-la-garza","status":"publish","type":"post","link":"https:\/\/diariodigitalmx.com\/index.php\/2025\/02\/06\/visita-consul-de-eu-en-monterrey-al-alcalde-adrian-de-la-garza\/","title":{"rendered":"Visita C\u00f3nsul de EU en Monterrey al alcalde Adri\u00e1n de la Garza"},"content":{"rendered":"\n<p>La tarde de este jueves 6 de febrero sostuvieron un primer encuentro de cortes\u00eda la C\u00f3nsul de Estados Unidos en Monterrey, Melissa Bishop y el alcalde Adri\u00e1n de la Garza en la oficina del edil en el palacio municipal.<\/p>\n\n\n\n<p>Ambos, con menos de cinco meses al frente de sus encargos y especialistas en seguridad, dialogaron sobre temas de inter\u00e9s bilateral como la migraci\u00f3n, el comercio, contaminaci\u00f3n y violencia.<\/p>\n\n\n\n<figure class=\"wp-block-image size-large\"><img loading=\"lazy\" decoding=\"async\" width=\"1024\" height=\"682\" src=\"https:\/\/diariodigitalmx.com\/wp-content\/uploads\/2025\/02\/IMG-20250206-WA0183-1024x682.jpg\" alt=\"\" class=\"wp-image-130764\" srcset=\"https:\/\/diariodigitalmx.com\/wp-content\/uploads\/2025\/02\/IMG-20250206-WA0183-1024x682.jpg 1024w, https:\/\/diariodigitalmx.com\/wp-content\/uploads\/2025\/02\/IMG-20250206-WA0183-300x200.jpg 300w, https:\/\/diariodigitalmx.com\/wp-content\/uploads\/2025\/02\/IMG-20250206-WA0183-768x512.jpg 768w, https:\/\/diariodigitalmx.com\/wp-content\/uploads\/2025\/02\/IMG-20250206-WA0183-1536x1023.jpg 1536w, https:\/\/diariodigitalmx.com\/wp-content\/uploads\/2025\/02\/IMG-20250206-WA0183.jpg 1600w\" sizes=\"(max-width: 1024px) 100vw, 1024px\" \/><\/figure>\n\n\n\n<p>La diplom\u00e1tica asumi\u00f3 en septiembre la representaci\u00f3n consular de su pa\u00eds en Nuevo Le\u00f3n, Coahuila, Durango, San Luis Potos\u00ed, y Zacatecas.<\/p>\n\n\n\n<p>Acordaron reuniones posteriores para analizar la posibilidad del incremento a las relaciones culturales, econ\u00f3micas, y acad\u00e9micas, entre otras entre Estados Unidos y Monterrey.<\/p>\n\n\n\n<figure class=\"wp-block-image size-large\"><img loading=\"lazy\" decoding=\"async\" width=\"1024\" height=\"682\" src=\"https:\/\/diariodigitalmx.com\/wp-content\/uploads\/2025\/02\/IMG-20250206-WA0184-1024x682.jpg\" alt=\"\" class=\"wp-image-130766\" srcset=\"https:\/\/diariodigitalmx.com\/wp-content\/uploads\/2025\/02\/IMG-20250206-WA0184-1024x682.jpg 1024w, https:\/\/diariodigitalmx.com\/wp-content\/uploads\/2025\/02\/IMG-20250206-WA0184-300x200.jpg 300w, https:\/\/diariodigitalmx.com\/wp-content\/uploads\/2025\/02\/IMG-20250206-WA0184-768x512.jpg 768w, https:\/\/diariodigitalmx.com\/wp-content\/uploads\/2025\/02\/IMG-20250206-WA0184-1536x1023.jpg 1536w, https:\/\/diariodigitalmx.com\/wp-content\/uploads\/2025\/02\/IMG-20250206-WA0184.jpg 1600w\" sizes=\"(max-width: 1024px) 100vw, 1024px\" \/><\/figure>\n\n\n\n<p>En la pl\u00e1tica estuvieron presentes por parte del municipio el jefe de Gabinete, Fernando Marg\u00e1in; los secretarios del Ayuntamiento, C\u00e9sar Garza; y de Desarrollo Econ\u00f3mico, Ximena Tamaris; y por parte del Consulado el c\u00f3nsul para Asuntos&nbsp; Econ\u00f3micos, Alex Bishop.<\/p>\n","protected":false},"excerpt":{"rendered":"<p>La tarde de este jueves 6 de febrero sostuvieron un primer encuentro de cortes\u00eda la C\u00f3nsul de Estados Unidos en Monterrey, Melissa Bishop y el alcalde Adri\u00e1n de la Garza en la oficina del edil en el palacio municipal. Ambos, con menos de cinco meses al frente de sus encargos y especialistas en seguridad, dialogaron [&hellip;]<\/p>\n","protected":false},"author":1,"featured_media":130763,"comment_status":"open","ping_status":"open","sticky":true,"template":"","format":"standard","meta":{"footnotes":""},"categories":[14,6,5],"tags":[],"_links":{"self":[{"href":"https:\/\/diariodigitalmx.com\/index.php\/wp-json\/wp\/v2\/posts\/130761"}],"collection":[{"href":"https:\/\/diariodigitalmx.com\/index.php\/wp-json\/wp\/v2\/posts"}],"about":[{"href":"https:\/\/diariodigitalmx.com\/index.php\/wp-json\/wp\/v2\/types\/post"}],"author":[{"embeddable":true,"href":"https:\/\/diariodigitalmx.com\/index.php\/wp-json\/wp\/v2\/users\/1"}],"replies":[{"embeddable":true,"href":"https:\/\/diariodigitalmx.com\/index.php\/wp-json\/wp\/v2\/comments?post=130761"}],"version-history":[{"count":2,"href":"https:\/\/diariodigitalmx.com\/index.php\/wp-json\/wp\/v2\/posts\/130761\/revisions"}],"predecessor-version":[{"id":130767,"href":"https:\/\/diariodigitalmx.com\/index.php\/wp-json\/wp\/v2\/posts\/130761\/revisions\/130767"}],"wp:featuredmedia":[{"embeddable":true,"href":"https:\/\/diariodigitalmx.com\/index.php\/wp-json\/wp\/v2\/media\/130763"}],"wp:attachment":[{"href":"https:\/\/diariodigitalmx.com\/index.php\/wp-json\/wp\/v2\/media?parent=130761"}],"wp:term":[{"taxonomy":"category","embeddable":true,"href":"https:\/\/diariodigitalmx.com\/index.php\/wp-json\/wp\/v2\/categories?post=130761"},{"taxonomy":"post_tag","embeddable":true,"href":"https:\/\/diariodigitalmx.com\/index.php\/wp-json\/wp\/v2\/tags?post=130761"}],"curies":[{"name":"wp","href":"https:\/\/api.w.org\/{rel}","templated":true}]}}