{"id":130768,"date":"2025-02-06T22:13:45","date_gmt":"2025-02-07T04:13:45","guid":{"rendered":"https:\/\/diariodigitalmx.com\/?p=130768"},"modified":"2025-02-06T22:21:56","modified_gmt":"2025-02-07T04:21:56","slug":"la-magia-de-la-lucha-libre-en-la-campana","status":"publish","type":"post","link":"https:\/\/diariodigitalmx.com\/index.php\/2025\/02\/06\/la-magia-de-la-lucha-libre-en-la-campana\/","title":{"rendered":"La magia de la lucha libre en La Campana"},"content":{"rendered":"\n<figure class=\"wp-block-video\"><video controls src=\"http:\/\/diariodigitalmx.com\/wp-content\/uploads\/2025\/02\/VID-20250202-WA0001.mp4\"><\/video><\/figure>\n\n\n\n<p>Monterrey.- Popular, colorido, indumentaria, m\u00e1scaras, inc\u00f3gnita, elasticidad, costalazos, magia, as\u00ed es la lucha libre, una de las manifestaciones de arte de un deporte espect\u00e1culo que desde las grandes arenas hasta las m\u00e1s modestas en barrios y colonias de M\u00e9xico lleva a los gladiadores noveles y consagrados, hombres y mujeres entregados a esta pasi\u00f3n. <\/p>\n\n\n\n<figure class=\"wp-block-image size-full\"><img loading=\"lazy\" decoding=\"async\" width=\"636\" height=\"860\" src=\"https:\/\/diariodigitalmx.com\/wp-content\/uploads\/2025\/02\/IMG-20250202-WA0000.jpg\" alt=\"\" class=\"wp-image-130774\" srcset=\"https:\/\/diariodigitalmx.com\/wp-content\/uploads\/2025\/02\/IMG-20250202-WA0000.jpg 636w, https:\/\/diariodigitalmx.com\/wp-content\/uploads\/2025\/02\/IMG-20250202-WA0000-222x300.jpg 222w\" sizes=\"(max-width: 636px) 100vw, 636px\" \/><\/figure>\n\n\n\n<p>El 26 de abril a las 19:00 horas en la colonia Cerro de la Campana, al sur de Monterrey habr\u00e1 una funci\u00f3n luch\u00edstica, una excelente cartelera.<\/p>\n","protected":false},"excerpt":{"rendered":"<p>Monterrey.- Popular, colorido, indumentaria, m\u00e1scaras, inc\u00f3gnita, elasticidad, costalazos, magia, as\u00ed es la lucha libre, una de las manifestaciones de arte de un deporte espect\u00e1culo que desde las grandes arenas hasta las m\u00e1s modestas en barrios y colonias de M\u00e9xico lleva a los gladiadores noveles y consagrados, hombres y mujeres entregados a esta pasi\u00f3n. El 26 [&hellip;]<\/p>\n","protected":false},"author":1,"featured_media":130777,"comment_status":"open","ping_status":"open","sticky":true,"template":"","format":"standard","meta":{"footnotes":""},"categories":[8,14],"tags":[],"_links":{"self":[{"href":"https:\/\/diariodigitalmx.com\/index.php\/wp-json\/wp\/v2\/posts\/130768"}],"collection":[{"href":"https:\/\/diariodigitalmx.com\/index.php\/wp-json\/wp\/v2\/posts"}],"about":[{"href":"https:\/\/diariodigitalmx.com\/index.php\/wp-json\/wp\/v2\/types\/post"}],"author":[{"embeddable":true,"href":"https:\/\/diariodigitalmx.com\/index.php\/wp-json\/wp\/v2\/users\/1"}],"replies":[{"embeddable":true,"href":"https:\/\/diariodigitalmx.com\/index.php\/wp-json\/wp\/v2\/comments?post=130768"}],"version-history":[{"count":3,"href":"https:\/\/diariodigitalmx.com\/index.php\/wp-json\/wp\/v2\/posts\/130768\/revisions"}],"predecessor-version":[{"id":130775,"href":"https:\/\/diariodigitalmx.com\/index.php\/wp-json\/wp\/v2\/posts\/130768\/revisions\/130775"}],"wp:featuredmedia":[{"embeddable":true,"href":"https:\/\/diariodigitalmx.com\/index.php\/wp-json\/wp\/v2\/media\/130777"}],"wp:attachment":[{"href":"https:\/\/diariodigitalmx.com\/index.php\/wp-json\/wp\/v2\/media?parent=130768"}],"wp:term":[{"taxonomy":"category","embeddable":true,"href":"https:\/\/diariodigitalmx.com\/index.php\/wp-json\/wp\/v2\/categories?post=130768"},{"taxonomy":"post_tag","embeddable":true,"href":"https:\/\/diariodigitalmx.com\/index.php\/wp-json\/wp\/v2\/tags?post=130768"}],"curies":[{"name":"wp","href":"https:\/\/api.w.org\/{rel}","templated":true}]}}