{"id":130792,"date":"2025-02-07T05:26:38","date_gmt":"2025-02-07T11:26:38","guid":{"rendered":"https:\/\/diariodigitalmx.com\/?p=130792"},"modified":"2025-02-07T05:32:51","modified_gmt":"2025-02-07T11:32:51","slug":"el-pais-de-los-ninos-perdidos","status":"publish","type":"post","link":"https:\/\/diariodigitalmx.com\/index.php\/2025\/02\/07\/el-pais-de-los-ninos-perdidos\/","title":{"rendered":"El pa\u00eds de los ni\u00f1os perdidos"},"content":{"rendered":"\n<p>Gerson G\u00f3mez Salas<\/p>\n\n\n\n<p>Desde 1997 ya no pudieron localizarlos. Les lavaron el cerebro con la panacea de un futuro prometedor. Valuado en el esfuerzo personal. Llevadero en excelencia. De los sueldos, parte sustantiva entre el patr\u00f3n y el trabajador. Mucho m\u00e1s alto a las pensiones de quienes ya est\u00e1n en el retiro.<\/p>\n\n\n\n<p>Dorada la p\u00edldora. De las 500 semanas cotizadas se alzaron hasta 1,500. La edad excesiva contrario a quienes a\u00fan el proceso del 97 los protege.<\/p>\n\n\n\n<p>La generaci\u00f3n emergente ha perdido todas las ventajas de sus predecesores. Deben formar patrimonio contundente. Nadar en la bonanza de recursos financieros. Eso no pasar\u00e1.<\/p>\n\n\n\n<p>Senadores y diputados desde la llegada al poder a MORENA, solo han ofrecido becas para concluir educaci\u00f3n o para los j\u00f3venes en paro permanente. Con eso evitar\u00edan, en el falso supuesto, caer en las garras laborales del crimen organizado.<\/p>\n\n\n\n<p>Ni lo uno calm\u00f3 ni lo otro ha funcionado. A restablecer la herida purulenta de la sociedad.<\/p>\n\n\n\n<p>Profesionistas graduados brincan entre el home working, los espacios de coworking, en las zonas grises del para\u00edso a destajo. Facturan por chambas apenas perceptibles en los presupuestos de las empresas, los servicios, los contactos en el gobierno.<\/p>\n\n\n\n<p>Fidelidad solo al dinero. Pasa de mano en mano. Esos ni\u00f1os perdidos van a la deriva sin posibilidad de restaurar el quebrado sistema de pensi\u00f3n del IMSS. Detuvieron la sangr\u00eda antes de la muerte s\u00fabita por sepsis financiera.<\/p>\n\n\n\n<p>Al menos podr\u00edan dar descanso al porvenir. La cat\u00e1strofe de los gobiernos neoliberales sepult\u00f3 sus oportunidades. A MORENA, con su humanismo mexicano, no le interesa ayudar en la ca\u00edda libre del reloj de arena.<\/p>\n","protected":false},"excerpt":{"rendered":"<p>Gerson G\u00f3mez Salas Desde 1997 ya no pudieron localizarlos. Les lavaron el cerebro con la panacea de un futuro prometedor. Valuado en el esfuerzo personal. Llevadero en excelencia. De los sueldos, parte sustantiva entre el patr\u00f3n y el trabajador. Mucho m\u00e1s alto a las pensiones de quienes ya est\u00e1n en el retiro. Dorada la p\u00edldora. [&hellip;]<\/p>\n","protected":false},"author":1,"featured_media":130795,"comment_status":"open","ping_status":"open","sticky":true,"template":"","format":"standard","meta":{"footnotes":""},"categories":[12,5],"tags":[],"_links":{"self":[{"href":"https:\/\/diariodigitalmx.com\/index.php\/wp-json\/wp\/v2\/posts\/130792"}],"collection":[{"href":"https:\/\/diariodigitalmx.com\/index.php\/wp-json\/wp\/v2\/posts"}],"about":[{"href":"https:\/\/diariodigitalmx.com\/index.php\/wp-json\/wp\/v2\/types\/post"}],"author":[{"embeddable":true,"href":"https:\/\/diariodigitalmx.com\/index.php\/wp-json\/wp\/v2\/users\/1"}],"replies":[{"embeddable":true,"href":"https:\/\/diariodigitalmx.com\/index.php\/wp-json\/wp\/v2\/comments?post=130792"}],"version-history":[{"count":1,"href":"https:\/\/diariodigitalmx.com\/index.php\/wp-json\/wp\/v2\/posts\/130792\/revisions"}],"predecessor-version":[{"id":130793,"href":"https:\/\/diariodigitalmx.com\/index.php\/wp-json\/wp\/v2\/posts\/130792\/revisions\/130793"}],"wp:featuredmedia":[{"embeddable":true,"href":"https:\/\/diariodigitalmx.com\/index.php\/wp-json\/wp\/v2\/media\/130795"}],"wp:attachment":[{"href":"https:\/\/diariodigitalmx.com\/index.php\/wp-json\/wp\/v2\/media?parent=130792"}],"wp:term":[{"taxonomy":"category","embeddable":true,"href":"https:\/\/diariodigitalmx.com\/index.php\/wp-json\/wp\/v2\/categories?post=130792"},{"taxonomy":"post_tag","embeddable":true,"href":"https:\/\/diariodigitalmx.com\/index.php\/wp-json\/wp\/v2\/tags?post=130792"}],"curies":[{"name":"wp","href":"https:\/\/api.w.org\/{rel}","templated":true}]}}