{"id":130807,"date":"2025-02-07T11:03:40","date_gmt":"2025-02-07T17:03:40","guid":{"rendered":"https:\/\/diariodigitalmx.com\/?p=130807"},"modified":"2025-02-07T11:10:01","modified_gmt":"2025-02-07T17:10:01","slug":"tiene-7-nuevas-aulas-colegio-militarizado-en-juarez-nl","status":"publish","type":"post","link":"https:\/\/diariodigitalmx.com\/index.php\/2025\/02\/07\/tiene-7-nuevas-aulas-colegio-militarizado-en-juarez-nl\/","title":{"rendered":"Tiene 7 nuevas aulas Colegio Militarizado en Ju\u00e1rez, NL"},"content":{"rendered":"\n<figure class=\"wp-block-image size-full\"><img loading=\"lazy\" decoding=\"async\" width=\"800\" height=\"445\" src=\"https:\/\/diariodigitalmx.com\/wp-content\/uploads\/2025\/02\/IMG-20250207-WA0011.jpg\" alt=\"\" class=\"wp-image-130813\" srcset=\"https:\/\/diariodigitalmx.com\/wp-content\/uploads\/2025\/02\/IMG-20250207-WA0011.jpg 800w, https:\/\/diariodigitalmx.com\/wp-content\/uploads\/2025\/02\/IMG-20250207-WA0011-300x167.jpg 300w, https:\/\/diariodigitalmx.com\/wp-content\/uploads\/2025\/02\/IMG-20250207-WA0011-768x427.jpg 768w\" sizes=\"(max-width: 800px) 100vw, 800px\" \/><\/figure>\n\n\n\n<p>En el marco de la ceremonia de ascensos y nombramientos como Cabo y Sargento Segundo de 61 alumnos del Colegio Militarizado \u201cGeneral Mariano Escobedo\u201d, Plantel Ju\u00e1rez, el alcalde del municipio de Ju\u00e1rez, F\u00e9lix Arratia Cruz, inaugur\u00f3 7 nuevas aulas, que fortalecer\u00e1n la formaci\u00f3n de los alumnos de la instituci\u00f3n.<\/p>\n\n\n\n<p>Durante el acto protocolario realizado en las instalaciones del Colegio, el edil celebr\u00f3 el esfuerzo, la disciplina y el liderazgo de los alumnos, quienes han demostrado que, con constancia y compromiso, los ascensos llegan como resultado del trabajo bien hecho.<\/p>\n\n\n\n<p>Este, puntualiz\u00f3, no es solo un reconocimiento, es tambi\u00e9n una nueva responsabilidad. \u201cSer l\u00edder no es s\u00f3lo un t\u00edtulo, es estar a la orden de la ciudadan\u00eda, de su instituci\u00f3n y de los valores que representan. Es saber que el verdadero liderazgo no se impone, sino que se gana con el ejemplo\u201d.<\/p>\n\n\n\n<figure class=\"wp-block-image size-full\"><img loading=\"lazy\" decoding=\"async\" width=\"645\" height=\"794\" src=\"https:\/\/diariodigitalmx.com\/wp-content\/uploads\/2025\/02\/Screenshot_20250207_110423_Facebook.jpg\" alt=\"\" class=\"wp-image-130814\" srcset=\"https:\/\/diariodigitalmx.com\/wp-content\/uploads\/2025\/02\/Screenshot_20250207_110423_Facebook.jpg 645w, https:\/\/diariodigitalmx.com\/wp-content\/uploads\/2025\/02\/Screenshot_20250207_110423_Facebook-244x300.jpg 244w\" sizes=\"(max-width: 645px) 100vw, 645px\" \/><\/figure>\n\n\n\n<p>El alcalde destac\u00f3 que estos espacios representan oportunidades, sue\u00f1os y el compromiso que tiene la administraci\u00f3n que encabeza con la educaci\u00f3n de calidad.<\/p>\n\n\n\n<p>Como gobierno, subray\u00f3, estamos a la orden para seguir impulsando espacios de calidad que beneficien a nuestra juventud. Y as\u00ed como ustedes hoy asumen este reto con disciplina y compromiso, los invito a que, juntos, pongamos en orden a Ju\u00e1rez, Nuevo Le\u00f3n.<\/p>\n\n\n\n<p>\u201cCon educaci\u00f3n, valores y el esfuerzo de todas y todos, podemos hacer de nuestra comunidad un mejor lugar; y ustedes son el ejemplo de que es posible\u201d.<\/p>\n\n\n\n<figure class=\"wp-block-gallery has-nested-images columns-default is-cropped wp-block-gallery-1 is-layout-flex wp-block-gallery-is-layout-flex\">\n<figure class=\"wp-block-image size-large\"><img loading=\"lazy\" decoding=\"async\" width=\"720\" height=\"694\" data-id=\"130816\" src=\"https:\/\/diariodigitalmx.com\/wp-content\/uploads\/2025\/02\/Screenshot_20250207_110428_Facebook.jpg\" alt=\"\" class=\"wp-image-130816\" srcset=\"https:\/\/diariodigitalmx.com\/wp-content\/uploads\/2025\/02\/Screenshot_20250207_110428_Facebook.jpg 720w, https:\/\/diariodigitalmx.com\/wp-content\/uploads\/2025\/02\/Screenshot_20250207_110428_Facebook-300x289.jpg 300w\" sizes=\"(max-width: 720px) 100vw, 720px\" \/><\/figure>\n\n\n\n<figure class=\"wp-block-image size-large\"><img loading=\"lazy\" decoding=\"async\" width=\"628\" height=\"1024\" data-id=\"130817\" src=\"https:\/\/diariodigitalmx.com\/wp-content\/uploads\/2025\/02\/Screenshot_20250207_110420_Facebook-628x1024.jpg\" alt=\"\" class=\"wp-image-130817\" srcset=\"https:\/\/diariodigitalmx.com\/wp-content\/uploads\/2025\/02\/Screenshot_20250207_110420_Facebook-628x1024.jpg 628w, https:\/\/diariodigitalmx.com\/wp-content\/uploads\/2025\/02\/Screenshot_20250207_110420_Facebook-184x300.jpg 184w, https:\/\/diariodigitalmx.com\/wp-content\/uploads\/2025\/02\/Screenshot_20250207_110420_Facebook.jpg 638w\" sizes=\"(max-width: 628px) 100vw, 628px\" \/><\/figure>\n<\/figure>\n\n\n\n<p>El general de Brigada Diplomado del Estado Mayor Retirado, y director general del Colegio Militarizado, Jos\u00e9 Manuel Zozaya Gallegos, agradeci\u00f3 al alcalde por el esfuerzo y cooperaci\u00f3n con la instituci\u00f3n, la cual tiene como objetivo principal brindar a los alumnos una educaci\u00f3n que los gu\u00ede y conduzca con valores y que les permita ser ciudadanos de bien para brindar progreso al municipio.<\/p>\n\n\n\n<p>A nombre de los alumnos ascendidos, la Sargento Segunda, Meredith Joselyn Salazar Echavarr\u00eda, agradeci\u00f3 el apoyo de sus familias y profesores, y afirm\u00f3 que el ascenso es un hito importante en el \u00e1mbito educativo, pero tambi\u00e9n un recordatorio del compromiso y desaf\u00edos que vendr\u00e1n en el futuro.<\/p>\n\n\n\n<p>Qu\u00e9 este nos motive a seguir adelante, a buscar nuevos horizontes y a perseguir nuestros sue\u00f1os con pasi\u00f3n y determinaci\u00f3n. Estamos preparados para hacer la diferencia<\/p>\n","protected":false},"excerpt":{"rendered":"<p>En el marco de la ceremonia de ascensos y nombramientos como Cabo y Sargento Segundo de 61 alumnos del Colegio Militarizado \u201cGeneral Mariano Escobedo\u201d, Plantel Ju\u00e1rez, el alcalde del municipio de Ju\u00e1rez, F\u00e9lix Arratia Cruz, inaugur\u00f3 7 nuevas aulas, que fortalecer\u00e1n la formaci\u00f3n de los alumnos de la instituci\u00f3n. Durante el acto protocolario realizado en [&hellip;]<\/p>\n","protected":false},"author":1,"featured_media":130811,"comment_status":"open","ping_status":"open","sticky":true,"template":"","format":"standard","meta":{"footnotes":""},"categories":[14,6],"tags":[],"_links":{"self":[{"href":"https:\/\/diariodigitalmx.com\/index.php\/wp-json\/wp\/v2\/posts\/130807"}],"collection":[{"href":"https:\/\/diariodigitalmx.com\/index.php\/wp-json\/wp\/v2\/posts"}],"about":[{"href":"https:\/\/diariodigitalmx.com\/index.php\/wp-json\/wp\/v2\/types\/post"}],"author":[{"embeddable":true,"href":"https:\/\/diariodigitalmx.com\/index.php\/wp-json\/wp\/v2\/users\/1"}],"replies":[{"embeddable":true,"href":"https:\/\/diariodigitalmx.com\/index.php\/wp-json\/wp\/v2\/comments?post=130807"}],"version-history":[{"count":3,"href":"https:\/\/diariodigitalmx.com\/index.php\/wp-json\/wp\/v2\/posts\/130807\/revisions"}],"predecessor-version":[{"id":130818,"href":"https:\/\/diariodigitalmx.com\/index.php\/wp-json\/wp\/v2\/posts\/130807\/revisions\/130818"}],"wp:featuredmedia":[{"embeddable":true,"href":"https:\/\/diariodigitalmx.com\/index.php\/wp-json\/wp\/v2\/media\/130811"}],"wp:attachment":[{"href":"https:\/\/diariodigitalmx.com\/index.php\/wp-json\/wp\/v2\/media?parent=130807"}],"wp:term":[{"taxonomy":"category","embeddable":true,"href":"https:\/\/diariodigitalmx.com\/index.php\/wp-json\/wp\/v2\/categories?post=130807"},{"taxonomy":"post_tag","embeddable":true,"href":"https:\/\/diariodigitalmx.com\/index.php\/wp-json\/wp\/v2\/tags?post=130807"}],"curies":[{"name":"wp","href":"https:\/\/api.w.org\/{rel}","templated":true}]}}