{"id":130824,"date":"2025-02-07T12:39:39","date_gmt":"2025-02-07T18:39:39","guid":{"rendered":"https:\/\/diariodigitalmx.com\/?p=130824"},"modified":"2025-02-07T12:49:53","modified_gmt":"2025-02-07T18:49:53","slug":"bien-bien-bien-el-galeno-del-mal-en-problemas-acusa-a-dr-wagner-jr-su-esposa","status":"publish","type":"post","link":"https:\/\/diariodigitalmx.com\/index.php\/2025\/02\/07\/bien-bien-bien-el-galeno-del-mal-en-problemas-acusa-a-dr-wagner-jr-su-esposa\/","title":{"rendered":"\u00a1Bien, bien, bien!, el galeno del mal en problemas; acusa a Dr. Wagner Jr. su esposa"},"content":{"rendered":"\n<figure class=\"wp-block-video\"><video controls src=\"http:\/\/diariodigitalmx.com\/wp-content\/uploads\/2025\/02\/FDownloader.net-632023895966535-464p.mp4\"><\/video><\/figure>\n\n\n\n<p>*&#8221;En mi casa y con mi gente&#8221;<\/p>\n\n\n\n<p><strong>Reina Wagner,<\/strong>&nbsp;acus\u00f3 a su esposo el luchador Dr. Wagner Jr. de <strong>violento, infiel y mis\u00f3gino.&nbsp;<\/strong><\/p>\n\n\n\n<p><strong>El esc\u00e1ndalo se da en una transmisi\u00f3n en vivo por redes sociales donde la mujer lo acusa y le pide que se baje de la camioneta, a lo que \u00e9l responde que \u201ces mi camioneta, mi esposa dice que soy un mis\u00f3gino\u201d.<em> \u201cS\u00ed, y lo dej\u00e9 por golpeador y por infiel\u201d, responde Reina, quien le pide al gladiador que muestre un video donde presuntamente golpea una puerta de una habitaci\u00f3n donde ella estaba.<\/em><\/strong><\/p>\n\n\n\n<figure class=\"wp-block-image size-full\"><img loading=\"lazy\" decoding=\"async\" width=\"382\" height=\"432\" src=\"https:\/\/diariodigitalmx.com\/wp-content\/uploads\/2025\/02\/DQGFORFWTREK3K5CDIUKDKKU3I.jpg\" alt=\"\" class=\"wp-image-130832\" srcset=\"https:\/\/diariodigitalmx.com\/wp-content\/uploads\/2025\/02\/DQGFORFWTREK3K5CDIUKDKKU3I.jpg 382w, https:\/\/diariodigitalmx.com\/wp-content\/uploads\/2025\/02\/DQGFORFWTREK3K5CDIUKDKKU3I-265x300.jpg 265w\" sizes=\"(max-width: 382px) 100vw, 382px\" \/><\/figure>\n\n\n\n<p><strong><em>\u201cQuieren ver c\u00f3mo realmente es Wagner. Miren, aqu\u00ed est\u00e1 un video donde me est\u00e1 agrediendo, \u00bfverdad? Y no lo quites. La p\u00e1gina de Facebook de Reina Wagner no es mi p\u00e1gina. \u00c9l es una persona con unas fijaciones muy extra\u00f1as. Crea esta p\u00e1gina de red social m\u00eda, de donde vende fotos m\u00edas y expone mi salud porque el se\u00f1or tiene verrugas\u201d<\/em><\/strong><strong>, afirma la mujer.<\/strong><\/p>\n\n\n\n<figure class=\"wp-block-image size-full\"><img loading=\"lazy\" decoding=\"async\" width=\"442\" height=\"466\" src=\"https:\/\/diariodigitalmx.com\/wp-content\/uploads\/2025\/02\/images-1-2.jpeg\" alt=\"\" class=\"wp-image-130834\" srcset=\"https:\/\/diariodigitalmx.com\/wp-content\/uploads\/2025\/02\/images-1-2.jpeg 442w, https:\/\/diariodigitalmx.com\/wp-content\/uploads\/2025\/02\/images-1-2-285x300.jpeg 285w\" sizes=\"(max-width: 442px) 100vw, 442px\" \/><\/figure>\n\n\n\n<p><strong><em>\u201cYo estoy tranquila. Este se\u00f1or me debe la vida, porque yo lo cuid\u00e9 en estos 10 a\u00f1os en sus desveladas, en sus enfermedades y as\u00ed me pag\u00f3: con infidelidad. Lo descubro, me agrede, se pone agresivo, intenta golpearme, rompe puertas de la casa e intenta atropellarme. En este momento estoy esperando a la polic\u00eda\u201d<\/em><\/strong><strong>.<\/strong><\/p>\n\n\n\n<figure class=\"wp-block-image size-full\"><img loading=\"lazy\" decoding=\"async\" width=\"768\" height=\"1024\" src=\"https:\/\/diariodigitalmx.com\/wp-content\/uploads\/2025\/02\/KTLLK5447NHYRJONCKIDJ5GOQQ.jpg\" alt=\"\" class=\"wp-image-130833\" srcset=\"https:\/\/diariodigitalmx.com\/wp-content\/uploads\/2025\/02\/KTLLK5447NHYRJONCKIDJ5GOQQ.jpg 768w, https:\/\/diariodigitalmx.com\/wp-content\/uploads\/2025\/02\/KTLLK5447NHYRJONCKIDJ5GOQQ-225x300.jpg 225w\" sizes=\"(max-width: 768px) 100vw, 768px\" \/><\/figure>\n\n\n\n<p><strong><em>\u201cLa p\u00e1gina de Reina Wagner no es m\u00eda. El se\u00f1or est\u00e1 enfermo mentalmente. Crea p\u00e1ginas para recibir fotograf\u00edas porque le gusta que le manden fotos los hombres, lo disfruta y adem\u00e1s vende fotos m\u00edas. Este es su Dr. Wagner, aqu\u00ed est\u00e1n los videos donde me est\u00e1 agrediendo\u201d<\/em><\/strong><strong>.<\/strong><\/p>\n\n\n\n<p><strong>El luchador mientras tanto, responde en tono de burla a los se\u00f1alamientos de Reina.<\/strong><\/p>\n","protected":false},"excerpt":{"rendered":"<p>*&#8221;En mi casa y con mi gente&#8221; Reina Wagner,&nbsp;acus\u00f3 a su esposo el luchador Dr. Wagner Jr. de violento, infiel y mis\u00f3gino.&nbsp; El esc\u00e1ndalo se da en una transmisi\u00f3n en vivo por redes sociales donde la mujer lo acusa y le pide que se baje de la camioneta, a lo que \u00e9l responde que \u201ces [&hellip;]<\/p>\n","protected":false},"author":1,"featured_media":130827,"comment_status":"open","ping_status":"open","sticky":true,"template":"","format":"standard","meta":{"footnotes":""},"categories":[8,3,5],"tags":[],"_links":{"self":[{"href":"https:\/\/diariodigitalmx.com\/index.php\/wp-json\/wp\/v2\/posts\/130824"}],"collection":[{"href":"https:\/\/diariodigitalmx.com\/index.php\/wp-json\/wp\/v2\/posts"}],"about":[{"href":"https:\/\/diariodigitalmx.com\/index.php\/wp-json\/wp\/v2\/types\/post"}],"author":[{"embeddable":true,"href":"https:\/\/diariodigitalmx.com\/index.php\/wp-json\/wp\/v2\/users\/1"}],"replies":[{"embeddable":true,"href":"https:\/\/diariodigitalmx.com\/index.php\/wp-json\/wp\/v2\/comments?post=130824"}],"version-history":[{"count":4,"href":"https:\/\/diariodigitalmx.com\/index.php\/wp-json\/wp\/v2\/posts\/130824\/revisions"}],"predecessor-version":[{"id":130835,"href":"https:\/\/diariodigitalmx.com\/index.php\/wp-json\/wp\/v2\/posts\/130824\/revisions\/130835"}],"wp:featuredmedia":[{"embeddable":true,"href":"https:\/\/diariodigitalmx.com\/index.php\/wp-json\/wp\/v2\/media\/130827"}],"wp:attachment":[{"href":"https:\/\/diariodigitalmx.com\/index.php\/wp-json\/wp\/v2\/media?parent=130824"}],"wp:term":[{"taxonomy":"category","embeddable":true,"href":"https:\/\/diariodigitalmx.com\/index.php\/wp-json\/wp\/v2\/categories?post=130824"},{"taxonomy":"post_tag","embeddable":true,"href":"https:\/\/diariodigitalmx.com\/index.php\/wp-json\/wp\/v2\/tags?post=130824"}],"curies":[{"name":"wp","href":"https:\/\/api.w.org\/{rel}","templated":true}]}}