{"id":130841,"date":"2025-02-07T14:33:02","date_gmt":"2025-02-07T20:33:02","guid":{"rendered":"https:\/\/diariodigitalmx.com\/?p=130841"},"modified":"2025-02-07T14:35:48","modified_gmt":"2025-02-07T20:35:48","slug":"anuncia-nl-la-llegada-de-600-elementos-a-vigilar-puente-colombia-y-alrededores","status":"publish","type":"post","link":"https:\/\/diariodigitalmx.com\/index.php\/2025\/02\/07\/anuncia-nl-la-llegada-de-600-elementos-a-vigilar-puente-colombia-y-alrededores\/","title":{"rendered":"Anuncia NL la llegada de 600 elementos a vigilar Puente Colombia y alrededores"},"content":{"rendered":"\n<p>Monterrey. &#8211;&nbsp; Como parte del operativo de seguridad y vigilancia federal en la frontera con Estados Unidos, m\u00e1s de 600 elementos de&nbsp;<strong>Guardia Nacional<\/strong>&nbsp;fueron desplegados en el&nbsp;<strong>Puente Internacional Colombia, ubicado en el municipio de An\u00e1huac, unos 200 kil\u00f3metros al norte de Monterrey.<\/strong><\/p>\n\n\n\n<p>&#8220;Se ha implementado el&nbsp;<strong>Programa Frontera<\/strong>&nbsp;por parte del Gobierno federal con Guardia Nacional va a desplegar a m\u00e1s de 10 mil hombres, y los 14 kil\u00f3metros que corresponden a Nuevo Le\u00f3n se encuentran ya reforzados por parte de Guardia Nacional con m\u00e1s de 600 elementos que han arribado a reforzar el Estado&#8221;, inform\u00f3 el secretario de Seguridad P\u00fablica estatal, Gerardo Escamilla.<\/p>\n\n\n\n<p>De acuerdo al funcionario estatal, en este operativo se van a atender dos ejes fundamentales: el humanitario y el tr\u00e1fico de drogas sint\u00e9ticas hacia Estados Unidos.<\/p>\n\n\n\n<p><strong>Adem\u00e1s, Fuerza Civil, la corporaci\u00f3n estatal despleg\u00f3 la presencia de elementos en los municipios de An\u00e1huac, Villaldama y Vallecillo, \u00e9stos \u00faltimos dos, tambi\u00e9n cercanos a la frontera y a Nuevo Laredo, Tamaulipas.<\/strong><\/p>\n\n\n\n<p><strong>Por razones que llam\u00f3 t\u00e1cticas, el titular de Seguridad declin\u00f3 citar el n\u00famero de elementos estatales que van a los tres municipios, pero a\u00f1adi\u00f3 que se coordinan con la Guardia Nacional.<\/strong><\/p>\n\n\n\n<p>&nbsp;&#8220;<strong>Fuerza Civil<\/strong>&nbsp;tiene Bases que han sido reforzadas en Colombia, en coordinaci\u00f3n con Guardia Nacional y la Defensa, el destacamento de Vallecillo y el destacamento de Villaldama, con lo que nos sumamos que la coordinaci\u00f3n que invita el Gobierno federal para atender este fen\u00f3meno&#8221;.<\/p>\n\n\n\n<p>En el operativo se vigilar\u00e1 entre estado y federaci\u00f3n los 14 kil\u00f3metros de frontera neolonesa principalmente en el tramo que comprende la carretera de del poblado de Colombia a Nuevo Laredo, Tamaulipas.<\/p>\n\n\n\n<p>En las primeras acciones realizar\u00e1n recorridos de reconocimiento en carretera y en los m\u00e1rgenes del R\u00edo Bravo y en primera instancia, estar\u00edan por un mes, el plazo que acordaron los gobiernos de M\u00e9xico y Estados Unidos para evitar la migraci\u00f3n ilegal y llegar a un arreglo en lo referente a los aranceles a los productos mexicanos.<\/p>\n\n\n\n<p>Los agentes federales se han desplegado en diversos puntos de esa regi\u00f3n y en el poblado de Colombia, que no tiene m\u00e1s all\u00e1 de dos mil habitantes. Nuevo Laredo, Tamaulipas, se ubica a 35 kil\u00f3metros de esta poblaci\u00f3n neolonesa.<\/p>\n\n\n\n<p>Aunque el cruce internacional Colombia es utilizado por veh\u00edculos particulares, en su mayor\u00eda, los cruces de entrada y salida son de mercanc\u00eda y productos diversos en transporte de carga.<\/p>\n\n\n\n<p>Los municipios de An\u00e1huac, Vallecillo y Villaldama han sido escenario de enfrentamientos entre grupos armados y autoridades, asaltos y secuestros, principalmente en \u00e9stos \u00faltimos dos por su cercan\u00eda con la carretera Monterrey-Nuevo Laredo, una v\u00eda donde al menos han desaparecido m\u00e1s de 100 personas en los \u00faltimos dos a\u00f1os.<\/p>\n\n\n\n<p>Esa carretera junto con la Monterrey-Reynosa, al oriente, son de alto riesgo donde continuamente se reportan asaltos a los conductores, que exigen la presencia de vigilancia.<\/p>\n\n\n\n<p>Escamilla dijo que el fortalecimiento de la estrategia Presencia Total dio como resultado la detenci\u00f3n de personas y el aseguramiento de armas y veh\u00edculos durante el fin de semana largo.<\/p>\n\n\n\n<p>Tras concluir la Mesa de Seguridad en la que participan fuerzas de seguridad de los tres \u00f3rdenes de Gobierno, Escamilla Vargas se\u00f1al\u00f3 que estos logros son el resultado del Operativo Muralla en los municipios rurales para impedir el ingreso de grupos armados; el trabajo del Grupo de Coordinaci\u00f3n Metropolitana y la presencia policial en las carreteras.<\/p>\n\n\n\n<p><em>\u201cDurante la semana se aseguraron en total 25 personas en esta operaci\u00f3n, 11 veh\u00edculos fueron asegurados, dos de ellos contaban con blindaje artesanal y 10 armas de fuego aseguradas\u201d, expres\u00f3.<\/em><\/p>\n\n\n\n<p><em>\u201cTuvimos presencia y cobertura en las carreteras estatales y federales. Y en los 4 d\u00edas, es decir, de viernes a lunes tuvimos cero incidentes, es decir, podemos reportar saldo blanco\u201d, manifest\u00f3.<\/em><\/p>\n","protected":false},"excerpt":{"rendered":"<p>Monterrey. &#8211;&nbsp; Como parte del operativo de seguridad y vigilancia federal en la frontera con Estados Unidos, m\u00e1s de 600 elementos de&nbsp;Guardia Nacional&nbsp;fueron desplegados en el&nbsp;Puente Internacional Colombia, ubicado en el municipio de An\u00e1huac, unos 200 kil\u00f3metros al norte de Monterrey. &#8220;Se ha implementado el&nbsp;Programa Frontera&nbsp;por parte del Gobierno federal con Guardia Nacional va a [&hellip;]<\/p>\n","protected":false},"author":1,"featured_media":130844,"comment_status":"open","ping_status":"open","sticky":true,"template":"","format":"standard","meta":{"footnotes":""},"categories":[6,3,5],"tags":[],"_links":{"self":[{"href":"https:\/\/diariodigitalmx.com\/index.php\/wp-json\/wp\/v2\/posts\/130841"}],"collection":[{"href":"https:\/\/diariodigitalmx.com\/index.php\/wp-json\/wp\/v2\/posts"}],"about":[{"href":"https:\/\/diariodigitalmx.com\/index.php\/wp-json\/wp\/v2\/types\/post"}],"author":[{"embeddable":true,"href":"https:\/\/diariodigitalmx.com\/index.php\/wp-json\/wp\/v2\/users\/1"}],"replies":[{"embeddable":true,"href":"https:\/\/diariodigitalmx.com\/index.php\/wp-json\/wp\/v2\/comments?post=130841"}],"version-history":[{"count":1,"href":"https:\/\/diariodigitalmx.com\/index.php\/wp-json\/wp\/v2\/posts\/130841\/revisions"}],"predecessor-version":[{"id":130842,"href":"https:\/\/diariodigitalmx.com\/index.php\/wp-json\/wp\/v2\/posts\/130841\/revisions\/130842"}],"wp:featuredmedia":[{"embeddable":true,"href":"https:\/\/diariodigitalmx.com\/index.php\/wp-json\/wp\/v2\/media\/130844"}],"wp:attachment":[{"href":"https:\/\/diariodigitalmx.com\/index.php\/wp-json\/wp\/v2\/media?parent=130841"}],"wp:term":[{"taxonomy":"category","embeddable":true,"href":"https:\/\/diariodigitalmx.com\/index.php\/wp-json\/wp\/v2\/categories?post=130841"},{"taxonomy":"post_tag","embeddable":true,"href":"https:\/\/diariodigitalmx.com\/index.php\/wp-json\/wp\/v2\/tags?post=130841"}],"curies":[{"name":"wp","href":"https:\/\/api.w.org\/{rel}","templated":true}]}}