{"id":130889,"date":"2025-02-10T05:57:23","date_gmt":"2025-02-10T11:57:23","guid":{"rendered":"https:\/\/diariodigitalmx.com\/?p=130889"},"modified":"2025-02-10T06:03:10","modified_gmt":"2025-02-10T12:03:10","slug":"casas-de-pan","status":"publish","type":"post","link":"https:\/\/diariodigitalmx.com\/index.php\/2025\/02\/10\/casas-de-pan\/","title":{"rendered":"Casas de pan"},"content":{"rendered":"\n<p>Las abuelitas sol\u00edan decirnos que las penas con pan son menos. Y nos lo tomamos tan literal que hay un grave problema de obesidad&nbsp; por tantos panes que se come la gente para esconder sus penas.<\/p>\n\n\n\n<p>Pero Dios tiene otro pan, uno lleno de vida, que es Cristo, y lo encontramos a lo largo de toda la Escritura.<\/p>\n\n\n\n<p>\u00a1Este pan no engorda y no disminuye las penas, las desaparece!<\/p>\n\n\n\n<p>En la necesidad, en la aflicci\u00f3n, Dios quiere darte a probar algo sobrenatural para que entiendas que la comida f\u00edsica no es la \u00fanica necesaria para vivir, tambi\u00e9n necesitamos comer&nbsp; el alimento espiritual con la misma frecuencia que sentimos hambre.<\/p>\n\n\n\n<p>Si comes 1, 3 \u00f3 5 veces al d\u00eda, procura acompa\u00f1arla de la palabra de Dios, porque de todo lo que sale de la boca de Dios vivir\u00e1s.<\/p>\n\n\n\n<p>\u00bfLa misi\u00f3n? Alimentarme diariamente con la palabra de Dios para tener una vida satisfecha.<\/p>\n\n\n\n<p>Ay\u00fadame a orar para que se abran Casas de Pan, donde no s\u00f3lo podamos compartir el alimento f\u00edsico con los necesitados, sino tambi\u00e9n el espiritual.<\/p>\n\n\n\n<p>Y te afligi\u00f3, y te hizo tener hambre, y te sustent\u00f3 con man\u00e1, comida que no conoc\u00edas t\u00fa, ni tus padres la hab\u00edan conocido, para hacerte saber que no s\u00f3lo de pan vivir\u00e1 el hombre, mas de todo lo que sale de la boca de Jehov\u00e1 vivir\u00e1 el hombre.<\/p>\n\n\n\n<p>\u00bfCree esto? Hable con Dios, lea la Biblia y desc\u00fabralo.&nbsp; Solo la Verdad nos har\u00e1 verdaderamente libres.<\/p>\n\n\n\n<p>Deuteronomio 8:3<\/p>\n\n\n\n<p>Email&nbsp;<a href=\"mailto:mujervirtuosa@instruccionespersonales.com\" target=\"_blank\" rel=\"noreferrer noopener\">mujervirtuosa@instruccionespersonales.com<br><\/a>Facebook e Instagram, @<a href=\"https:\/\/www.facebook.com\/InstruccionesPersonales\" target=\"_blank\" rel=\"noreferrer noopener\">InstruccionesPersonales<\/a>&nbsp;<\/p>\n","protected":false},"excerpt":{"rendered":"<p>Las abuelitas sol\u00edan decirnos que las penas con pan son menos. Y nos lo tomamos tan literal que hay un grave problema de obesidad&nbsp; por tantos panes que se come la gente para esconder sus penas. Pero Dios tiene otro pan, uno lleno de vida, que es Cristo, y lo encontramos a lo largo de [&hellip;]<\/p>\n","protected":false},"author":1,"featured_media":130398,"comment_status":"open","ping_status":"open","sticky":true,"template":"","format":"standard","meta":{"footnotes":""},"categories":[14,12],"tags":[],"_links":{"self":[{"href":"https:\/\/diariodigitalmx.com\/index.php\/wp-json\/wp\/v2\/posts\/130889"}],"collection":[{"href":"https:\/\/diariodigitalmx.com\/index.php\/wp-json\/wp\/v2\/posts"}],"about":[{"href":"https:\/\/diariodigitalmx.com\/index.php\/wp-json\/wp\/v2\/types\/post"}],"author":[{"embeddable":true,"href":"https:\/\/diariodigitalmx.com\/index.php\/wp-json\/wp\/v2\/users\/1"}],"replies":[{"embeddable":true,"href":"https:\/\/diariodigitalmx.com\/index.php\/wp-json\/wp\/v2\/comments?post=130889"}],"version-history":[{"count":1,"href":"https:\/\/diariodigitalmx.com\/index.php\/wp-json\/wp\/v2\/posts\/130889\/revisions"}],"predecessor-version":[{"id":130890,"href":"https:\/\/diariodigitalmx.com\/index.php\/wp-json\/wp\/v2\/posts\/130889\/revisions\/130890"}],"wp:featuredmedia":[{"embeddable":true,"href":"https:\/\/diariodigitalmx.com\/index.php\/wp-json\/wp\/v2\/media\/130398"}],"wp:attachment":[{"href":"https:\/\/diariodigitalmx.com\/index.php\/wp-json\/wp\/v2\/media?parent=130889"}],"wp:term":[{"taxonomy":"category","embeddable":true,"href":"https:\/\/diariodigitalmx.com\/index.php\/wp-json\/wp\/v2\/categories?post=130889"},{"taxonomy":"post_tag","embeddable":true,"href":"https:\/\/diariodigitalmx.com\/index.php\/wp-json\/wp\/v2\/tags?post=130889"}],"curies":[{"name":"wp","href":"https:\/\/api.w.org\/{rel}","templated":true}]}}