{"id":130893,"date":"2025-02-10T06:06:42","date_gmt":"2025-02-10T12:06:42","guid":{"rendered":"https:\/\/diariodigitalmx.com\/?p=130893"},"modified":"2025-02-10T06:18:13","modified_gmt":"2025-02-10T12:18:13","slug":"la-mortaja-y-la-herencia-de-rafael-coronel","status":"publish","type":"post","link":"https:\/\/diariodigitalmx.com\/index.php\/2025\/02\/10\/la-mortaja-y-la-herencia-de-rafael-coronel\/","title":{"rendered":"La Mortaja y la herencia de Rafael Coronel"},"content":{"rendered":"\n<p>De frente y de perfil<\/p>\n\n\n\n<p>Ram\u00f3n Zurita Sahag\u00fan<\/p>\n\n\n\n<p>Cuando las cosas no son claras o no se transparentan surgen dudas y malentendidos.<\/p>\n\n\n\n<p>Eso ocurre en Zacatecas con una de las obras m\u00e1s representativas del pintor Rafael Coronel nacido en aquellas tierras, \u201cLa Mortaja\u201d exhibida en el museo erigido con su nombre en la capital estatal.<\/p>\n\n\n\n<p>Durante 20 a\u00f1os dicha obra se exhibi\u00f3 en el exconvento de San Francisco, hasta hace unos d\u00edas cuando el expresidente del Tribunal Superior de Justicia de Zacatecas, Arturo Nahle Garc\u00eda, descubri\u00f3 la falta de dicha obra y solicit\u00f3 la informaci\u00f3n al director del museo el que simplemente le dijo que se la hab\u00eda llevado el due\u00f1o.<\/p>\n\n\n\n<p>\u00bfEl due\u00f1o? Interrog\u00f3, qui\u00e9n es y la respuesta fue Juan Rafael Coronel Rivera, hijo del fallecido pintor de Ruth Rivera Mar\u00edn, quien esgrimi\u00f3 que todos son bienes que le dej\u00f3 su padre, seg\u00fan testamento.<\/p>\n\n\n\n<p>Nahle que fung\u00eda como secretario general del gobierno que encabezaba Ricardo Monreal durante la inauguraci\u00f3n del museo desat\u00f3 la pol\u00e9mica sobre la donaci\u00f3n que hiciera Rafael Coronel para su exhibici\u00f3n en el museo y el hijo del artista pl\u00e1stico argument\u00f3 que todos los bienes dejados por su padre le pertenecen como asienta el testamento que lo se\u00f1ala como el \u00fanico heredero de sus bienes.<\/p>\n\n\n\n<p>La Mortaja, seg\u00fan un fedatario p\u00fablico establece en la escritura de mayo del 2002 que la obra fue donada por el artista pl\u00e1stico al gobierno de Zacatecas.<\/p>\n\n\n\n<p>Y es aqu\u00ed donde salta la pol\u00e9mica, ya que efectivamente el testamento realizado en 1981, por Rafael Coronel establece que todos sus bienes y los de su esposa (fallecida) ser\u00edan asignados a su \u00fanico hijo, Juan Rafael, aunque no pormenoriza cu\u00e1les son los bienes herederos.<\/p>\n\n\n\n<p>Como heredero de Rafael Coronel, Juan Rafael procedi\u00f3 a llegar al museo e inventari\u00f3 todo lo que encontr\u00f3 a su paso, m\u00e1scaras (considerada la mayor colecci\u00f3n), pinturas, esculturas, vestuario, t\u00edteres y despu\u00e9s se los adjudic\u00f3 todos.<\/p>\n\n\n\n<p>El hijo del artista referenci\u00f3 dichas obras y retir\u00f3 \u201cLa Mortaja\u201d, la cu\u00e1l vendi\u00f3 en un mill\u00f3n y medio de d\u00f3lares, con el pretexto de pagar deudas dejadas por su padre, el que falleci\u00f3 en 2019.<\/p>\n\n\n\n<p>\u00bfQu\u00e9 sigue ahora?, las autoridades estatales no han pronunciado palabra alguna.<\/p>\n\n\n\n<p>Seg\u00fan los datos con que se cuenta, las obras en cuesti\u00f3n fueron donadas por el artista pl\u00e1stico desde aquella ocasi\u00f3n en que se conform\u00f3 dicho museo.<\/p>\n\n\n\n<p>La Mortaja es una de las principales obras confeccionadas por Rafael Coronel, hermano de otro artista pl\u00e1stico (Pedro Coronel) de gran prestigio oriundos de Zacatecas y fue realizada especialmente para el espacio en que se encontraba desde 2002.<\/p>\n\n\n\n<p>Habr\u00e1 que esperar cu\u00e1l ser\u00e1 la respuesta de las autoridades de cultura, del director del museo y, especialmente, del gobernador, David Monreal, hermano de Ricardo Monreal.<\/p>\n\n\n\n<p>&nbsp; &nbsp; &nbsp; &nbsp; &nbsp; &nbsp; &nbsp; &nbsp; &nbsp; &nbsp; &nbsp; &nbsp; &nbsp; &nbsp; &nbsp; &nbsp; &nbsp; &nbsp; &nbsp; &nbsp; &nbsp; &nbsp; &nbsp; &nbsp; &nbsp; &nbsp; &nbsp; &nbsp; &nbsp; &nbsp; &nbsp; &nbsp; &nbsp; &nbsp; &nbsp; &nbsp; &nbsp; &nbsp; &nbsp; &nbsp;\u2026\u2026\u2026\u2026\u2026\u2026<\/p>\n\n\n\n<p>Ayer se conmemor\u00f3 el 112 aniversario de la marcha de la lealtad, la que fue encabezada por la Presidenta Claudia Sheinbaum Pardo, siendo la primera mujer titular del Ejecutivo en hacerlo. Tambi\u00e9n fue la primera ocasi\u00f3n en que el o la encargada del Poder Judicial no concurre a la ceremonia, como tampoco fue requerida en el festejo del 108 aniversario de la promulgaci\u00f3n de la Constituci\u00f3n Pol\u00edtica. El general Ricardo Trevilla, orador del evento ratific\u00f3 la lealtad de las fuerzas armadas y sostuvo que la soberan\u00eda no es negociable. Llam\u00f3 la atenci\u00f3n la presencia del exsecretario de la Defensa, Salvador Cienfuegos en el acto solemne\u2026Los cuerpos de seguridad y fuerzas armadas dieron otro golpe a la delincuencia organizada con la captura de Mauro Alberto N\u00fa\u00f1ez catalogado como piloto y operador clave del grupo de Los Chapitos.<\/p>\n\n\n\n<p><a href=\"mailto:ramonzurita44@hotmail.com\" target=\"_blank\" rel=\"noreferrer noopener\">ramonzurita44@hotmail.com<\/a><\/p>\n\n\n\n<p><a href=\"mailto:ramonzurita44@gmail.com\" target=\"_blank\" rel=\"noreferrer noopener\">ramonzurita44@gmail.com<\/a><\/p>\n","protected":false},"excerpt":{"rendered":"<p>De frente y de perfil Ram\u00f3n Zurita Sahag\u00fan Cuando las cosas no son claras o no se transparentan surgen dudas y malentendidos. Eso ocurre en Zacatecas con una de las obras m\u00e1s representativas del pintor Rafael Coronel nacido en aquellas tierras, \u201cLa Mortaja\u201d exhibida en el museo erigido con su nombre en la capital estatal. [&hellip;]<\/p>\n","protected":false},"author":1,"featured_media":130895,"comment_status":"open","ping_status":"open","sticky":true,"template":"","format":"standard","meta":{"footnotes":""},"categories":[12,5],"tags":[],"_links":{"self":[{"href":"https:\/\/diariodigitalmx.com\/index.php\/wp-json\/wp\/v2\/posts\/130893"}],"collection":[{"href":"https:\/\/diariodigitalmx.com\/index.php\/wp-json\/wp\/v2\/posts"}],"about":[{"href":"https:\/\/diariodigitalmx.com\/index.php\/wp-json\/wp\/v2\/types\/post"}],"author":[{"embeddable":true,"href":"https:\/\/diariodigitalmx.com\/index.php\/wp-json\/wp\/v2\/users\/1"}],"replies":[{"embeddable":true,"href":"https:\/\/diariodigitalmx.com\/index.php\/wp-json\/wp\/v2\/comments?post=130893"}],"version-history":[{"count":1,"href":"https:\/\/diariodigitalmx.com\/index.php\/wp-json\/wp\/v2\/posts\/130893\/revisions"}],"predecessor-version":[{"id":130894,"href":"https:\/\/diariodigitalmx.com\/index.php\/wp-json\/wp\/v2\/posts\/130893\/revisions\/130894"}],"wp:featuredmedia":[{"embeddable":true,"href":"https:\/\/diariodigitalmx.com\/index.php\/wp-json\/wp\/v2\/media\/130895"}],"wp:attachment":[{"href":"https:\/\/diariodigitalmx.com\/index.php\/wp-json\/wp\/v2\/media?parent=130893"}],"wp:term":[{"taxonomy":"category","embeddable":true,"href":"https:\/\/diariodigitalmx.com\/index.php\/wp-json\/wp\/v2\/categories?post=130893"},{"taxonomy":"post_tag","embeddable":true,"href":"https:\/\/diariodigitalmx.com\/index.php\/wp-json\/wp\/v2\/tags?post=130893"}],"curies":[{"name":"wp","href":"https:\/\/api.w.org\/{rel}","templated":true}]}}