{"id":130896,"date":"2025-02-10T06:29:31","date_gmt":"2025-02-10T12:29:31","guid":{"rendered":"https:\/\/diariodigitalmx.com\/?p=130896"},"modified":"2025-02-10T06:30:18","modified_gmt":"2025-02-10T12:30:18","slug":"demanda-derechos-humanos-esclarecer-muerte-de-angel-moreno","status":"publish","type":"post","link":"https:\/\/diariodigitalmx.com\/index.php\/2025\/02\/10\/demanda-derechos-humanos-esclarecer-muerte-de-angel-moreno\/","title":{"rendered":"Demanda Derechos Humanos esclarecer muerte de \u00c1ngel Moreno"},"content":{"rendered":"\n<p>Se cumplieron tres a\u00f1os de la muerte de \u00c1ngel Moreno, un menor de 14 a\u00f1os que muri\u00f3 en las instalaciones del DIF Fabriles y a pesar de que se trat\u00f3 de un caso de violaciones graves a los derechos humanos, las autoridades contin\u00faan sin aceptar la recomendaci\u00f3n que emiti\u00f3 la Comisi\u00f3n Estatal de Derechos Humanos del Estado de Nuevo Le\u00f3n.<\/p>\n\n\n\n<p>La presidenta Susana M\u00e9ndez Arellano explic\u00f3 que se trat\u00f3 de un crimen de estado y record\u00f3 que el menor presentaba m\u00faltiples discapacidades, debido al maltrato, falta de cuidado, negligencia y dolo en la actuaci\u00f3n del personal del Sistema para el Desarrollo Integral de la Familia del Estado de Nuevo Le\u00f3n.<\/p>\n\n\n\n<p>En mayo del 2023, el Organismo emiti\u00f3 una recomendaci\u00f3n dirigida a Gloria Baz\u00e1n, Encargada del Despacho de la Direcci\u00f3n General del Sistema para el Desarrollo Integral de la Familia del Estado de Nuevo Le\u00f3n dando cuenta de los Principios y derechos humanos vulnerados como: derecho a la vida y a no ser privado de \u00e9sta; a una vida libre de violencia; a la preservaci\u00f3n de la integridad f\u00edsica, psicol\u00f3gica y emocional; a un trato humano; derecho al inter\u00e9s superior de la infancia y adolescencia; a vivir en condiciones de bienestar; a un sano desarrollo integral; a vivir en familia; a la salud; al acceso a la verdad; a la legalidad; al debido proceso; a la dignidad; y, a los diversos derechos que tienen las personas en situaciones de discapacidad.<\/p>\n\n\n\n<p>El Organismo contin\u00faa en contacto con personas allegadas al caso, las cuales siguen clamando por justicia , ya que es inaceptable que un adolescente de 14 a\u00f1os, con discapacidad, que vivi\u00f3 desde sus 04 a\u00f1os en el DIF, quien ten\u00eda la custodia,&nbsp; haya sufrido una tragedia a manos del mismo personal a su cargo, arrebat\u00e1ndole su derecho a un futuro pleno .<\/p>\n\n\n\n<p>Dichas personas compartieron algunas fotograf\u00edas de su infancia, intentando sensibilizar a las autoridades y personas de la sociedad civil, pidiendo se unan a pedir justicia, ya que no se cumpli\u00f3 con los deberes de protecci\u00f3n por parte de la&nbsp; Instituci\u00f3n encargada que debi\u00f3 garantizar su seguridad y bienestar. Asimismo para los otros ni\u00f1os que han fallecido ah\u00ed y quienes contin\u00faan siendo v\u00edctimas de abusos, pues as\u00ed lo han manifestado sus familias ante la CEDHNL.<\/p>\n\n\n\n<p>La Ombudsperson explic\u00f3 que al no aceptar una recomendaci\u00f3n, en donde se garantice la no repetici\u00f3n de estos hechos, existe la posibilidad de que se sigan vulnerando los derechos humanos de las infancias, por lo que subray\u00f3 la necesidad urgente de una revisi\u00f3n profunda de las pol\u00edticas de protecci\u00f3n a menores, especialmente aquellos que se encuentran en situaci\u00f3n de vulnerabilidad bajo la tutela del Estado.<\/p>\n","protected":false},"excerpt":{"rendered":"<p>Se cumplieron tres a\u00f1os de la muerte de \u00c1ngel Moreno, un menor de 14 a\u00f1os que muri\u00f3 en las instalaciones del DIF Fabriles y a pesar de que se trat\u00f3 de un caso de violaciones graves a los derechos humanos, las autoridades contin\u00faan sin aceptar la recomendaci\u00f3n que emiti\u00f3 la Comisi\u00f3n Estatal de Derechos Humanos [&hellip;]<\/p>\n","protected":false},"author":1,"featured_media":130898,"comment_status":"open","ping_status":"open","sticky":true,"template":"","format":"standard","meta":{"footnotes":""},"categories":[6,3,5],"tags":[],"_links":{"self":[{"href":"https:\/\/diariodigitalmx.com\/index.php\/wp-json\/wp\/v2\/posts\/130896"}],"collection":[{"href":"https:\/\/diariodigitalmx.com\/index.php\/wp-json\/wp\/v2\/posts"}],"about":[{"href":"https:\/\/diariodigitalmx.com\/index.php\/wp-json\/wp\/v2\/types\/post"}],"author":[{"embeddable":true,"href":"https:\/\/diariodigitalmx.com\/index.php\/wp-json\/wp\/v2\/users\/1"}],"replies":[{"embeddable":true,"href":"https:\/\/diariodigitalmx.com\/index.php\/wp-json\/wp\/v2\/comments?post=130896"}],"version-history":[{"count":1,"href":"https:\/\/diariodigitalmx.com\/index.php\/wp-json\/wp\/v2\/posts\/130896\/revisions"}],"predecessor-version":[{"id":130897,"href":"https:\/\/diariodigitalmx.com\/index.php\/wp-json\/wp\/v2\/posts\/130896\/revisions\/130897"}],"wp:featuredmedia":[{"embeddable":true,"href":"https:\/\/diariodigitalmx.com\/index.php\/wp-json\/wp\/v2\/media\/130898"}],"wp:attachment":[{"href":"https:\/\/diariodigitalmx.com\/index.php\/wp-json\/wp\/v2\/media?parent=130896"}],"wp:term":[{"taxonomy":"category","embeddable":true,"href":"https:\/\/diariodigitalmx.com\/index.php\/wp-json\/wp\/v2\/categories?post=130896"},{"taxonomy":"post_tag","embeddable":true,"href":"https:\/\/diariodigitalmx.com\/index.php\/wp-json\/wp\/v2\/tags?post=130896"}],"curies":[{"name":"wp","href":"https:\/\/api.w.org\/{rel}","templated":true}]}}