{"id":130899,"date":"2025-02-10T08:38:48","date_gmt":"2025-02-10T14:38:48","guid":{"rendered":"https:\/\/diariodigitalmx.com\/?p=130899"},"modified":"2025-02-10T08:39:42","modified_gmt":"2025-02-10T14:39:42","slug":"por-el-derecho-a-elegir-la-educacion-para-nuestros-hijos","status":"publish","type":"post","link":"https:\/\/diariodigitalmx.com\/index.php\/2025\/02\/10\/por-el-derecho-a-elegir-la-educacion-para-nuestros-hijos\/","title":{"rendered":"Por el derecho a elegir la educaci\u00f3n para nuestros hijos"},"content":{"rendered":"\n<p>C.P. Luz Mar\u00eda Ortiz Quintos<\/p>\n\n\n\n<p>Ante la negativa de la autoridad federal de reconocer el derecho de los padres de familia para elegir el tipo de educaci\u00f3n que quieren para sus hijos; el pasado 08 de febrero se present\u00f3 el proyecto de consulta ciudadana que lidera el ex diputado local independiente Juan Carlos Leal, en un hotel ubicado en el municipio de San Pedro. Entre las personas que fuimos invitadas, se encontraban l\u00edderes de diferentes asociaciones civiles y religiosas evang\u00e9licas estatales y nacionales.<\/p>\n\n\n\n<p>Para lograr que dicha consulta se realice, se requieren m\u00e1s de 90,000 firmas electr\u00f3nicas que se recaudaran a trav\u00e9s de la aplicaci\u00f3n del INE, la pregunta ser\u00e1: \u00bfLos padres de familia tenemos el derecho de elegir la educaci\u00f3n para nuestros hijos? El plazo l\u00edmite para reunir dichas firmas y que sean aprobadas es el 31 de julio del presente a\u00f1o.<\/p>\n\n\n\n<p>Es necesario que los padres de familia est\u00e9n enterados sobre por qu\u00e9 se pide dicha consulta, ya que, podr\u00eda pensarse que l\u00f3gicamente los padres elegimos el tipo de educaci\u00f3n queremos para nuestros hijos, solo por el hecho de elegir la escuela p\u00fablica o escuela privada a la cual inscribimos a nuestros hijos.<\/p>\n\n\n\n<p>En el 2023 la Secretar\u00eda de Educaci\u00f3n P\u00fablica present\u00f3 la reforma educativa de la Nueva Escuela Mexicana, con los nuevos libros de texto. Como ya lo he mencionado con anterioridad, surgi\u00f3 un movimiento social llamado el \u201cFrente Nuevo Le\u00f3n en defensa de los Ni\u00f1os\u201d, dicho movimiento est\u00e1 integrado por padres de familia tanto de escuelas p\u00fablicas como privadas, y maestros que al conocer dichos libros que se presentaron aqu\u00ed en Nuevo Le\u00f3n, nos manifestamos en contra de los contenidos. Cabe mencionar que a nivel nacional tambi\u00e9n hubo inconformidad por los contenidos e incluso porque los libros se editaron y se publicaron, sin tener previamente los planes y programas de estudio.<\/p>\n\n\n\n<p>Y a pesar de los amparos que se presentaron en diversos estados de la Rep\u00fablica, entre ellos Nuevo Le\u00f3n, fueron rechazados por los juzgados federales.<\/p>\n\n\n\n<p>Este instrumento de la consulta ciudadana, permitir\u00e1 retomar el derecho de los padres de elegir el tipo de educaci\u00f3n para sus hijos, una educaci\u00f3n cient\u00edfica, sin ideolog\u00edas pol\u00edticas, sociales o culturales, que pretenden adoctrinar a las nuevas generaciones, haci\u00e9ndolas perder el pensamiento cr\u00edtico, el razonamiento \u00e9tico, moral e inclusive el cambio de los hechos hist\u00f3ricos.<\/p>\n\n\n\n<p>Otro de los temas importantes es sobre la sexualidad, les dan a conocer sus derechos sexuales y reproductivos a los ni\u00f1os de primaria y secundaria habl\u00e1ndoles de m\u00e9todos anticonceptivos.<\/p>\n\n\n\n<p>La educaci\u00f3n sexual no solo es el aspecto f\u00edsico, es tambi\u00e9n biol\u00f3gico y psicol\u00f3gico. Educar no es solamente decir que tiene derecho a ejercer su sexualidad a los 10 a\u00f1os de edad. \u00bfY las consecuencias de una vida sexual precoz?, como las enfermedades de transmisi\u00f3n sexual, los embarazos en ni\u00f1as y adolescentes, esto no lo menciona dichos libros.<\/p>\n\n\n\n<p>El primer paso para que se realice la consulta ciudadana es lograr las m\u00e1s de 90,000 firmas, ser\u00e1 entonces cuando en el 2026 se llevar\u00e1 a cabo la consulta, y con esta se podr\u00e1 garantizar una educaci\u00f3n que realmente sea lo que los padres quieren para sus hijos. El hecho de estar en un colegio particular, no los protege del adoctrinamiento oficial, los planes y programas de estudio son los mismos para todo el sistema de educaci\u00f3n, lo que actualmente est\u00e1 originando la deserci\u00f3n escolar de los colegios para ir al sistema de homeschool, un sistema que permite educar a los hijos en casa.<\/p>\n\n\n\n<p>*La autora es presidenta del Instituto Nacional de Consultor\u00eda Familiar, A. C.<\/p>\n\n\n\n<p><\/p>\n","protected":false},"excerpt":{"rendered":"<p>C.P. Luz Mar\u00eda Ortiz Quintos Ante la negativa de la autoridad federal de reconocer el derecho de los padres de familia para elegir el tipo de educaci\u00f3n que quieren para sus hijos; el pasado 08 de febrero se present\u00f3 el proyecto de consulta ciudadana que lidera el ex diputado local independiente Juan Carlos Leal, en [&hellip;]<\/p>\n","protected":false},"author":1,"featured_media":130617,"comment_status":"open","ping_status":"open","sticky":true,"template":"","format":"standard","meta":{"footnotes":""},"categories":[12,5],"tags":[],"_links":{"self":[{"href":"https:\/\/diariodigitalmx.com\/index.php\/wp-json\/wp\/v2\/posts\/130899"}],"collection":[{"href":"https:\/\/diariodigitalmx.com\/index.php\/wp-json\/wp\/v2\/posts"}],"about":[{"href":"https:\/\/diariodigitalmx.com\/index.php\/wp-json\/wp\/v2\/types\/post"}],"author":[{"embeddable":true,"href":"https:\/\/diariodigitalmx.com\/index.php\/wp-json\/wp\/v2\/users\/1"}],"replies":[{"embeddable":true,"href":"https:\/\/diariodigitalmx.com\/index.php\/wp-json\/wp\/v2\/comments?post=130899"}],"version-history":[{"count":1,"href":"https:\/\/diariodigitalmx.com\/index.php\/wp-json\/wp\/v2\/posts\/130899\/revisions"}],"predecessor-version":[{"id":130900,"href":"https:\/\/diariodigitalmx.com\/index.php\/wp-json\/wp\/v2\/posts\/130899\/revisions\/130900"}],"wp:featuredmedia":[{"embeddable":true,"href":"https:\/\/diariodigitalmx.com\/index.php\/wp-json\/wp\/v2\/media\/130617"}],"wp:attachment":[{"href":"https:\/\/diariodigitalmx.com\/index.php\/wp-json\/wp\/v2\/media?parent=130899"}],"wp:term":[{"taxonomy":"category","embeddable":true,"href":"https:\/\/diariodigitalmx.com\/index.php\/wp-json\/wp\/v2\/categories?post=130899"},{"taxonomy":"post_tag","embeddable":true,"href":"https:\/\/diariodigitalmx.com\/index.php\/wp-json\/wp\/v2\/tags?post=130899"}],"curies":[{"name":"wp","href":"https:\/\/api.w.org\/{rel}","templated":true}]}}