{"id":130901,"date":"2025-02-10T08:49:17","date_gmt":"2025-02-10T14:49:17","guid":{"rendered":"https:\/\/diariodigitalmx.com\/?p=130901"},"modified":"2025-02-10T08:52:10","modified_gmt":"2025-02-10T14:52:10","slug":"los-espejismos-del-poder","status":"publish","type":"post","link":"https:\/\/diariodigitalmx.com\/index.php\/2025\/02\/10\/los-espejismos-del-poder\/","title":{"rendered":"Los espejismos del poder"},"content":{"rendered":"\n<p>Por Manuel CARMONA<\/p>\n\n\n\n<p>El pasado 6 de febrero en su conferencia ma\u00f1anera la Presidenta de la Rep\u00fablica Claudia Sheimbaun anunci\u00f3 su intenci\u00f3n de hacer de M\u00e9xico una potencia cient\u00edfica&nbsp; y tecnol\u00f3gica, para lo cual autoriz\u00f3 dentro del PLAN MEXICO la creaci\u00f3n del Centro Nacional de Dise\u00f1o de Semiconductores \u201cKutsari\u201d que funcionar\u00e1 en los estados de Jalisco, Sonora y Puebla, que de resultar verdad ser\u00eda un gigantesco paso para el pa\u00eds por las implicaciones para la econom\u00eda nacional, aunque desafortunadamente parece muy lejano a la realidad y aqu\u00ed les dir\u00e9 porqu\u00e9.<\/p>\n\n\n\n<p>Comenzar\u00e9 diciendo&nbsp; que el semiconductor es un dispositivo que se utiliza para la fabricaci\u00f3n de componentes en los sistemas electr\u00f3nicos en la industria automotriz, electro dom\u00e9sticos, equipos m\u00e9dicos, laptops, tabletas y tel\u00e9fonos celulares, de alt\u00edsima demanda y cotizaci\u00f3n en el mercado mundial de la tecnolog\u00eda.<\/p>\n\n\n\n<p>Actualmente el 63 por ciento de la fabricaci\u00f3n de semiconductores proviene de Taiwan, el 18 por ciento de Corea del Sur, el 6 por ciento de China, quienes son los pa\u00edses que dominan el mercado mundial. La producci\u00f3n restante se elabora en Estados&nbsp; Unidos y en otros pa\u00edses pero ya en porcentajes m\u00ednimos.<\/p>\n\n\n\n<p>Dada su importancia estrat\u00e9gica en el futuro, tanto China como Estados Unidos son los pa\u00edses que han hechos anuncios de inversiones multi millonarias programadas en los pr\u00f3ximos a\u00f1os, comenzando a partir de este&nbsp; 2025, con el prop\u00f3sito de que en alg\u00fan momento puedan tener una mayor presencia e influencia global en este ramo, aunque para llegar a este punto se requerir\u00e1 de tiempo&nbsp; para ir construyendo las condiciones necesarias para el desarrollo de esta industria.<\/p>\n\n\n\n<p>Si incursionar en este rubro de las manufacturas fuera tan simple, todos los pa\u00edses del mundo estar\u00edan elaborando&nbsp; semi conductores, pero no es as\u00ed. El mayor desaf\u00edo en la materia no es la fabricaci\u00f3n en si misma, sino la alineaci\u00f3n de la CADENA DE SUMINISTROS, es decir: ligar el involucramiento de TODAS LAS PARTES (fabricantes, proveedores de materias primas, transportistas, almacenes, minoristas, clientes) en una sola organizaci\u00f3n y en un mismo punto, lo que representa un proceso de muy largo plazo.<\/p>\n\n\n\n<p>En el caso de M\u00e9xico, estamos atravesando por un momento donde se tienen tantas asignaturas pendientes en el ramo de la seguridad, salud, infraestructura, comunicaciones y educaci\u00f3n p\u00fablica entre otras, que no hemos sido capaces de resolver, ni los gobiernos&nbsp; anteriores ni los actuales, que resulta completamente inveros\u00edmil y fantasioso que estemos pensando en convertirnos en una potencia cient\u00edfica y tecnol\u00f3gica, sobre todo cuando en el anuncio presidencial no se habl\u00f3 en ning\u00fan momento de la inversi\u00f3n econ\u00f3mica etiquetada para poder arrancar con este ambicioso proyecto.<\/p>\n\n\n\n<p>Sin importar la ideolog\u00eda del partido que se encuentre en el poder, definitivamente hay cosas que al parecer no cambian en el quehacer gubernamental, como es el caso de la muy persistente confusi\u00f3n entre deseos y pol\u00edticas p\u00fablicas, aunque se observa con mayor frecuencia y ligereza este comportamiento en los reg\u00edmenes de corte populista como el que nos gobierna en este momento.<\/p>\n\n\n\n<p>Una pol\u00edtica p\u00fablica tiene dos caracter\u00edsticas indispensables.<\/p>\n\n\n\n<p>La definici\u00f3n de los objetivos de inter\u00e9s p\u00fablico, as\u00ed como la ponderaci\u00f3n del costo-beneficio<\/p>\n\n\n\n<p>Es el resultado de un proceso de investigaci\u00f3n que implica el uso de un m\u00e9todo, para asegurar que la decisi\u00f3n tomada es la mejor alternativa posible para resolver un determinado problema de naturaleza p\u00fablica.<\/p>\n\n\n\n<p>Precisamente uno de los m\u00e1s grandes males que persiguen a las entidades de gobierno POR IGUAL&nbsp; sin importar color e ideolog\u00eda, es que gobiernan con ocurrencias y no con pol\u00edticas p\u00fablicas.<\/p>\n\n\n\n<p>C\u00f3mo es que se piensa llevar a cabo un proyecto de tan enorme envergadura sin haberle asignado un presupuesto?<\/p>\n\n\n\n<p>Obviamente estamos en presencia \u00fanicamente de una manifestaci\u00f3n de buena fe, de buenas intenciones, pero de pocas o tal vez nulas probabilidades de realizaci\u00f3n.<\/p>\n\n\n\n<p>Hay cosas que no cambian y hoy como ayer quienes ostentan el poder en general creen que gobernar solo es un asunto de dar \u00f3rdenes y ya.<\/p>\n\n\n\n<p>Una acci\u00f3n de gobierno que no est\u00e1 sustentada en un proceso de diagn\u00f3stico y an\u00e1lisis no es una pol\u00edtica p\u00fablica, simplemente es un acto de autoridad con temporalidad limitada.<\/p>\n\n\n\n<p>* El autor es abogado, escritor y analista pol\u00edtico.<\/p>\n","protected":false},"excerpt":{"rendered":"<p>Por Manuel CARMONA El pasado 6 de febrero en su conferencia ma\u00f1anera la Presidenta de la Rep\u00fablica Claudia Sheimbaun anunci\u00f3 su intenci\u00f3n de hacer de M\u00e9xico una potencia cient\u00edfica&nbsp; y tecnol\u00f3gica, para lo cual autoriz\u00f3 dentro del PLAN MEXICO la creaci\u00f3n del Centro Nacional de Dise\u00f1o de Semiconductores \u201cKutsari\u201d que funcionar\u00e1 en los estados de [&hellip;]<\/p>\n","protected":false},"author":1,"featured_media":130903,"comment_status":"open","ping_status":"open","sticky":true,"template":"","format":"standard","meta":{"footnotes":""},"categories":[14,12],"tags":[],"_links":{"self":[{"href":"https:\/\/diariodigitalmx.com\/index.php\/wp-json\/wp\/v2\/posts\/130901"}],"collection":[{"href":"https:\/\/diariodigitalmx.com\/index.php\/wp-json\/wp\/v2\/posts"}],"about":[{"href":"https:\/\/diariodigitalmx.com\/index.php\/wp-json\/wp\/v2\/types\/post"}],"author":[{"embeddable":true,"href":"https:\/\/diariodigitalmx.com\/index.php\/wp-json\/wp\/v2\/users\/1"}],"replies":[{"embeddable":true,"href":"https:\/\/diariodigitalmx.com\/index.php\/wp-json\/wp\/v2\/comments?post=130901"}],"version-history":[{"count":2,"href":"https:\/\/diariodigitalmx.com\/index.php\/wp-json\/wp\/v2\/posts\/130901\/revisions"}],"predecessor-version":[{"id":130904,"href":"https:\/\/diariodigitalmx.com\/index.php\/wp-json\/wp\/v2\/posts\/130901\/revisions\/130904"}],"wp:featuredmedia":[{"embeddable":true,"href":"https:\/\/diariodigitalmx.com\/index.php\/wp-json\/wp\/v2\/media\/130903"}],"wp:attachment":[{"href":"https:\/\/diariodigitalmx.com\/index.php\/wp-json\/wp\/v2\/media?parent=130901"}],"wp:term":[{"taxonomy":"category","embeddable":true,"href":"https:\/\/diariodigitalmx.com\/index.php\/wp-json\/wp\/v2\/categories?post=130901"},{"taxonomy":"post_tag","embeddable":true,"href":"https:\/\/diariodigitalmx.com\/index.php\/wp-json\/wp\/v2\/tags?post=130901"}],"curies":[{"name":"wp","href":"https:\/\/api.w.org\/{rel}","templated":true}]}}