{"id":130905,"date":"2025-02-10T10:23:57","date_gmt":"2025-02-10T16:23:57","guid":{"rendered":"https:\/\/diariodigitalmx.com\/?p=130905"},"modified":"2025-02-10T10:25:15","modified_gmt":"2025-02-10T16:25:15","slug":"del-tapado-y-el-que-se-mueve-no-sale-a-moverse-y-a-la-vista-de-todos","status":"publish","type":"post","link":"https:\/\/diariodigitalmx.com\/index.php\/2025\/02\/10\/del-tapado-y-el-que-se-mueve-no-sale-a-moverse-y-a-la-vista-de-todos\/","title":{"rendered":"Del \u201ctapado\u201d y el que \u201cse mueve no sale\u201d a moverse y a la vista de todos"},"content":{"rendered":"\n<p>David Casas S.<\/p>\n\n\n\n<p>En los tiempos del otrora poderoso PRI, se manejaba la palabra del \u201ctapado\u201d, en alusi\u00f3n al que ser\u00eda el candidato presidencial y pr\u00f3ximo presidente de la Rep\u00fablica.<\/p>\n\n\n\n<p>Sin embargo, Alfonso Mart\u00ednez Dom\u00ednguez, que lleg\u00f3 a ocupar la presidencia nacional del PRI, la gubernatura de Nuevo Le\u00f3n (1979-1985) y otros cargos importantes en la pol\u00edtica mexicana afirmaba que no hab\u00eda tal tapado, pues, se\u00f1alaba, todos los aspirantes est\u00e1n a la vista del escrutinio, se les manejaba en la prensa, en los corrillos pol\u00edticos; luego el gran \u201cdedazo\u201d se\u00f1alaba a quien ser\u00eda el pr\u00f3ximo.<\/p>\n\n\n\n<p>El eterno l\u00edder de la CTM, Fidel Vel\u00e1zquez sol\u00eda afirmar que \u201cel que se mueve no sale en la foto\u201d, pues hab\u00eda que nada de muertito o en bajo perfil.<\/p>\n\n\n\n<p>Los tiempos y las formas cambian, desde hace d\u00e9cadas se acab\u00f3 el \u201ctapado\u201d.<\/p>\n\n\n\n<p>En estos tiempos modernos los conocedores, los polit\u00f3logos, los medios de comunicaci\u00f3n y los pol\u00edticos nombran, se\u00f1alan, y suben al escenario de la arena pol\u00edtica a quienes podr\u00edan ser, a los posibles, a los que tienen posibilidades de obtener la candidatura a la gubernatura de Nuevo Le\u00f3n, ya sea por el Movimiento Ciudadano, el partido en el poder estatal, en Morena, el partido oficial federal \u2013 que ha cobijado y santificado a decenas, cientos de priistas- o en la oposici\u00f3n, el PRI y el PAN, por decir los principales.<\/p>\n\n\n\n<p>Y es en esa exposici\u00f3n, principalmente medi\u00e1tica, que se conoce del trabajo de quienes aspiran a suceder en el poder a Samuel Garc\u00eda Sep\u00falveda en el 2027.<\/p>\n\n\n\n<p>En Movimiento Ciudadano se manejan algunos nombres, como el de la secretaria de Igualdad e Inclusi\u00f3n del gobierno estatal, una mujer que ha puesto su sello en la administraci\u00f3n gubernamental, pero que, parece ser, seg\u00fan los analistas y conocedores, se ha estancado desde el proceso electoral pasado y no enciende.<\/p>\n\n\n\n<p>Pero, en la b\u00fasqueda de quien podr\u00eda ser el abanderado de MC se ha puesto la atenci\u00f3n en el secretario general de Gobierno, Javier Navarro, quien ha sorteado contra viento y marea el enfrentamiento entre su jefe del gobernador y la oposici\u00f3n panista y priista. Ha salido ileso del choque.<\/p>\n\n\n\n<p>Navarro form\u00f3 por regi\u00f3n los comit\u00e9s regionales para apoyar las necesidades y problemas de los municipios; ha recorrido las 51 municipalidades de Nuevo Le\u00f3n;&nbsp;<\/p>\n\n\n\n<p>sostiene reuniones con organizaciones de la sociedad civil, universidades, iglesias, sindicatos para sumarlos a la visi\u00f3n de gobernabilidad, di\u00e1logo y democracia.&nbsp;<\/p>\n\n\n\n<p>El segundo de a bordo, es el art\u00edfice de di\u00e1logo del gobierno del estado, lo que lo coloca en la lista de posibles, un as bajo la manga de Samuel Garc\u00eda quien ve que Martha Herrera no enciende&nbsp;<\/p>\n\n\n\n<p>Navarro pues, \u2060conoce los expedientes en contra del gobierno del estado en M\u00e9xico, \u2060fue presidente del Consejo C\u00edvico y miembro de los diversos colegios de abogados del estado, y sostiene el di\u00e1logo con el PAN Y PRI.<\/p>\n\n\n\n<p>En la d\u00e9cada de los a\u00f1os sesenta en Monterrey, el canal 6 de televisi\u00f3n en Jim\u00e9nez norte 730, que luego se fusion\u00f3 con el 2 de M\u00e9xico para formar Televisa, manten\u00eda un slogan \u201cNo quite la vista del 6\u201d.<\/p>\n\n\n\n<p>Ahora en que todas y todos est\u00e1n a la vista del ciudadano cabe aplicar la frase de \u201cNo quite la vista en Navarro\u201d.<\/p>\n\n\n\n<p>\u201cEl que no se mueve, no sale en la foto\u201d.<\/p>\n","protected":false},"excerpt":{"rendered":"<p>David Casas S. En los tiempos del otrora poderoso PRI, se manejaba la palabra del \u201ctapado\u201d, en alusi\u00f3n al que ser\u00eda el candidato presidencial y pr\u00f3ximo presidente de la Rep\u00fablica. Sin embargo, Alfonso Mart\u00ednez Dom\u00ednguez, que lleg\u00f3 a ocupar la presidencia nacional del PRI, la gubernatura de Nuevo Le\u00f3n (1979-1985) y otros cargos importantes en [&hellip;]<\/p>\n","protected":false},"author":1,"featured_media":130907,"comment_status":"open","ping_status":"open","sticky":true,"template":"","format":"standard","meta":{"footnotes":""},"categories":[12,5],"tags":[],"_links":{"self":[{"href":"https:\/\/diariodigitalmx.com\/index.php\/wp-json\/wp\/v2\/posts\/130905"}],"collection":[{"href":"https:\/\/diariodigitalmx.com\/index.php\/wp-json\/wp\/v2\/posts"}],"about":[{"href":"https:\/\/diariodigitalmx.com\/index.php\/wp-json\/wp\/v2\/types\/post"}],"author":[{"embeddable":true,"href":"https:\/\/diariodigitalmx.com\/index.php\/wp-json\/wp\/v2\/users\/1"}],"replies":[{"embeddable":true,"href":"https:\/\/diariodigitalmx.com\/index.php\/wp-json\/wp\/v2\/comments?post=130905"}],"version-history":[{"count":1,"href":"https:\/\/diariodigitalmx.com\/index.php\/wp-json\/wp\/v2\/posts\/130905\/revisions"}],"predecessor-version":[{"id":130906,"href":"https:\/\/diariodigitalmx.com\/index.php\/wp-json\/wp\/v2\/posts\/130905\/revisions\/130906"}],"wp:featuredmedia":[{"embeddable":true,"href":"https:\/\/diariodigitalmx.com\/index.php\/wp-json\/wp\/v2\/media\/130907"}],"wp:attachment":[{"href":"https:\/\/diariodigitalmx.com\/index.php\/wp-json\/wp\/v2\/media?parent=130905"}],"wp:term":[{"taxonomy":"category","embeddable":true,"href":"https:\/\/diariodigitalmx.com\/index.php\/wp-json\/wp\/v2\/categories?post=130905"},{"taxonomy":"post_tag","embeddable":true,"href":"https:\/\/diariodigitalmx.com\/index.php\/wp-json\/wp\/v2\/tags?post=130905"}],"curies":[{"name":"wp","href":"https:\/\/api.w.org\/{rel}","templated":true}]}}