{"id":130908,"date":"2025-02-10T11:30:16","date_gmt":"2025-02-10T17:30:16","guid":{"rendered":"https:\/\/diariodigitalmx.com\/?p=130908"},"modified":"2025-02-10T11:32:28","modified_gmt":"2025-02-10T17:32:28","slug":"inauguran-nueva-sede-de-la-secretaria-de-economia-en-guadalupe","status":"publish","type":"post","link":"https:\/\/diariodigitalmx.com\/index.php\/2025\/02\/10\/inauguran-nueva-sede-de-la-secretaria-de-economia-en-guadalupe\/","title":{"rendered":"Inauguran nueva sede de la Secretar\u00eda de Econom\u00eda en Guadalupe"},"content":{"rendered":"\n<figure class=\"wp-block-image size-large\"><img loading=\"lazy\" decoding=\"async\" width=\"1024\" height=\"682\" src=\"https:\/\/diariodigitalmx.com\/wp-content\/uploads\/2025\/02\/IMG-20250210-WA0052-1024x682.jpg\" alt=\"\" class=\"wp-image-130913\" srcset=\"https:\/\/diariodigitalmx.com\/wp-content\/uploads\/2025\/02\/IMG-20250210-WA0052-1024x682.jpg 1024w, https:\/\/diariodigitalmx.com\/wp-content\/uploads\/2025\/02\/IMG-20250210-WA0052-300x200.jpg 300w, https:\/\/diariodigitalmx.com\/wp-content\/uploads\/2025\/02\/IMG-20250210-WA0052-768x512.jpg 768w, https:\/\/diariodigitalmx.com\/wp-content\/uploads\/2025\/02\/IMG-20250210-WA0052-1536x1023.jpg 1536w, https:\/\/diariodigitalmx.com\/wp-content\/uploads\/2025\/02\/IMG-20250210-WA0052.jpg 1600w\" sizes=\"(max-width: 1024px) 100vw, 1024px\" \/><\/figure>\n\n\n\n<p>El \u00e1rea econ\u00f3mica y tur\u00edstica de Guadalupe cuenta con nuevas oficinas, situadas en un punto estrat\u00e9gico sobre las avenidas Eloy Cavazos y 15 de Mayo.<\/p>\n\n\n\n<p>El alcalde H\u00e9ctor Garc\u00eda encabez\u00f3 la inauguraci\u00f3n de la nueva sede y recorri\u00f3 las instalaciones junto a la Secretar\u00eda de Inversi\u00f3n, Desarrollo Econ\u00f3mico e Impulso al Empleo, Araceli W. Ching.<\/p>\n\n\n\n<p>En el sitio, el ciudadano recibir\u00e1 atenci\u00f3n por parte del personal de la Coordinaci\u00f3n de turismo, emprendimiento, bolsa de trabajo y parques municipales, entre otras, detall\u00f3 Ching.<\/p>\n\n\n\n<figure class=\"wp-block-image size-large\"><img loading=\"lazy\" decoding=\"async\" width=\"1024\" height=\"682\" src=\"https:\/\/diariodigitalmx.com\/wp-content\/uploads\/2025\/02\/IMG-20250210-WA0054-1024x682.jpg\" alt=\"\" class=\"wp-image-130912\" srcset=\"https:\/\/diariodigitalmx.com\/wp-content\/uploads\/2025\/02\/IMG-20250210-WA0054-1024x682.jpg 1024w, https:\/\/diariodigitalmx.com\/wp-content\/uploads\/2025\/02\/IMG-20250210-WA0054-300x200.jpg 300w, https:\/\/diariodigitalmx.com\/wp-content\/uploads\/2025\/02\/IMG-20250210-WA0054-768x512.jpg 768w, https:\/\/diariodigitalmx.com\/wp-content\/uploads\/2025\/02\/IMG-20250210-WA0054-1536x1023.jpg 1536w, https:\/\/diariodigitalmx.com\/wp-content\/uploads\/2025\/02\/IMG-20250210-WA0054.jpg 1600w\" sizes=\"(max-width: 1024px) 100vw, 1024px\" \/><\/figure>\n\n\n\n<p>\u201cAqu\u00ed podemos atender todo lo referente a turismo, capacitaci\u00f3n, empleo y las oficinas est\u00e1n a disposici\u00f3n a partir de las 8 de la ma\u00f1ana hasta las 4 de la tarde, vamos a tener una ventanilla \u00fanica, adem\u00e1s de informaci\u00f3n sobre la Escuela de Artes y Oficios\u201d.&nbsp;<\/p>\n\n\n\n<p>El Municipio de Guadalupe estar\u00e1 en los ojos del mundo por la Copa de Futbol FIFA 2026, a\u00f1o en el que se recibir\u00e1 turismo nacional y extranjero, por ello la importancia de la Secretar\u00eda municipal, que desde el inicio de la gesti\u00f3n trabaja para promocionar la ciudad.<\/p>\n","protected":false},"excerpt":{"rendered":"<p>El \u00e1rea econ\u00f3mica y tur\u00edstica de Guadalupe cuenta con nuevas oficinas, situadas en un punto estrat\u00e9gico sobre las avenidas Eloy Cavazos y 15 de Mayo. El alcalde H\u00e9ctor Garc\u00eda encabez\u00f3 la inauguraci\u00f3n de la nueva sede y recorri\u00f3 las instalaciones junto a la Secretar\u00eda de Inversi\u00f3n, Desarrollo Econ\u00f3mico e Impulso al Empleo, Araceli W. Ching. [&hellip;]<\/p>\n","protected":false},"author":1,"featured_media":130910,"comment_status":"open","ping_status":"open","sticky":true,"template":"","format":"standard","meta":{"footnotes":""},"categories":[14,10],"tags":[],"_links":{"self":[{"href":"https:\/\/diariodigitalmx.com\/index.php\/wp-json\/wp\/v2\/posts\/130908"}],"collection":[{"href":"https:\/\/diariodigitalmx.com\/index.php\/wp-json\/wp\/v2\/posts"}],"about":[{"href":"https:\/\/diariodigitalmx.com\/index.php\/wp-json\/wp\/v2\/types\/post"}],"author":[{"embeddable":true,"href":"https:\/\/diariodigitalmx.com\/index.php\/wp-json\/wp\/v2\/users\/1"}],"replies":[{"embeddable":true,"href":"https:\/\/diariodigitalmx.com\/index.php\/wp-json\/wp\/v2\/comments?post=130908"}],"version-history":[{"count":3,"href":"https:\/\/diariodigitalmx.com\/index.php\/wp-json\/wp\/v2\/posts\/130908\/revisions"}],"predecessor-version":[{"id":130915,"href":"https:\/\/diariodigitalmx.com\/index.php\/wp-json\/wp\/v2\/posts\/130908\/revisions\/130915"}],"wp:featuredmedia":[{"embeddable":true,"href":"https:\/\/diariodigitalmx.com\/index.php\/wp-json\/wp\/v2\/media\/130910"}],"wp:attachment":[{"href":"https:\/\/diariodigitalmx.com\/index.php\/wp-json\/wp\/v2\/media?parent=130908"}],"wp:term":[{"taxonomy":"category","embeddable":true,"href":"https:\/\/diariodigitalmx.com\/index.php\/wp-json\/wp\/v2\/categories?post=130908"},{"taxonomy":"post_tag","embeddable":true,"href":"https:\/\/diariodigitalmx.com\/index.php\/wp-json\/wp\/v2\/tags?post=130908"}],"curies":[{"name":"wp","href":"https:\/\/api.w.org\/{rel}","templated":true}]}}