{"id":130931,"date":"2025-02-10T22:18:44","date_gmt":"2025-02-11T04:18:44","guid":{"rendered":"https:\/\/diariodigitalmx.com\/?p=130931"},"modified":"2025-02-10T22:22:51","modified_gmt":"2025-02-11T04:22:51","slug":"impulsan-medidas-de-proteccion-a-la-ninez-y-adolescencia-migrante","status":"publish","type":"post","link":"https:\/\/diariodigitalmx.com\/index.php\/2025\/02\/10\/impulsan-medidas-de-proteccion-a-la-ninez-y-adolescencia-migrante\/","title":{"rendered":"Impulsan medidas de protecci\u00f3n a la ni\u00f1ez y adolescencia migrante"},"content":{"rendered":"\n<p>En apoyo a los m\u00faltiples desaf\u00edos de la ni\u00f1ez y adolescencia migrante en Nuevo Le\u00f3n, el diputado Tom\u00e1s Montoya, propuso una iniciativa para brindarles un acompa\u00f1amiento integral, independientemente de su situaci\u00f3n legal en el pa\u00eds.<\/p>\n\n\n\n<p>En adici\u00f3n al art\u00edculo 114 de la Ley General de Ni\u00f1as, Ni\u00f1os y Adolescentes, el legislador de Morena enfatiz\u00f3 que no podr\u00e1n ser detenidos ni privados de su libertad por motivos de su situaci\u00f3n migratoria, llevando un acompa\u00f1amiento legal y psicosocial.<\/p>\n\n\n\n<p>Adem\u00e1s, Tom\u00e1s Montoya, sostuvo que las ni\u00f1as, los ni\u00f1os y adolescentes migrantes tendr\u00e1n acceso inmediato a los servicios de salud y educaci\u00f3n, solicitando a las autoridades adoptar medidas para facilitar su inclusi\u00f3n y permanencia.<\/p>\n\n\n\n<p>\u201cLas ni\u00f1as, ni\u00f1os y adolescentes migrantes enfrentan condiciones adversas durante su detenci\u00f3n, lo que impacta negativamente su bienestar y desarrollo. La falta de espacios adecuados y de acceso a servicios esenciales agrava su vulnerabilidad\u201d, mencion\u00f3.<\/p>\n\n\n\n<p>Asimismo, se impuls\u00f3 un Protocolo de Atenci\u00f3n Integral de Ni\u00f1as, Ni\u00f1os y Adolescentes Migrantes con el contenido de diagnostico de la situaci\u00f3n de riesgo, protecci\u00f3n en caso de separaci\u00f3n familiar, reubicaci\u00f3n de albergues seguros con enfoque de protecci\u00f3n integral y bienestar, acceso a servicios m\u00e9dicos, psicol\u00f3gicos y educativos, y acceso prioritario a tr\u00e1mites de identidad y representaci\u00f3n legal.<\/p>\n\n\n\n<p>\u201cEs imperativo garantizar un entorno seguro que priorice su protecci\u00f3n e integraci\u00f3n, evitando pr\u00e1cticas que pongan en riesgo su bienestar\u201d, a\u00f1adi\u00f3.<\/p>\n\n\n\n<p>De acuerdo a cifras de la Comisi\u00f3n Nacional de los Derechos Humanos, el 78% de los menores migrantes en M\u00e9xico no tienen acceso a educaci\u00f3n formal debido a la falta de documentaci\u00f3n o a restricciones administrativas, y s\u00f3lo el 40% de las ni\u00f1as y ni\u00f1os migrantes reciben atenci\u00f3n m\u00e9dica adecuada en su tr\u00e1nsito o estad\u00eda en M\u00e9xico.<\/p>\n","protected":false},"excerpt":{"rendered":"<p>En apoyo a los m\u00faltiples desaf\u00edos de la ni\u00f1ez y adolescencia migrante en Nuevo Le\u00f3n, el diputado Tom\u00e1s Montoya, propuso una iniciativa para brindarles un acompa\u00f1amiento integral, independientemente de su situaci\u00f3n legal en el pa\u00eds. En adici\u00f3n al art\u00edculo 114 de la Ley General de Ni\u00f1as, Ni\u00f1os y Adolescentes, el legislador de Morena enfatiz\u00f3 que [&hellip;]<\/p>\n","protected":false},"author":1,"featured_media":130933,"comment_status":"open","ping_status":"open","sticky":true,"template":"","format":"standard","meta":{"footnotes":""},"categories":[14,6],"tags":[],"_links":{"self":[{"href":"https:\/\/diariodigitalmx.com\/index.php\/wp-json\/wp\/v2\/posts\/130931"}],"collection":[{"href":"https:\/\/diariodigitalmx.com\/index.php\/wp-json\/wp\/v2\/posts"}],"about":[{"href":"https:\/\/diariodigitalmx.com\/index.php\/wp-json\/wp\/v2\/types\/post"}],"author":[{"embeddable":true,"href":"https:\/\/diariodigitalmx.com\/index.php\/wp-json\/wp\/v2\/users\/1"}],"replies":[{"embeddable":true,"href":"https:\/\/diariodigitalmx.com\/index.php\/wp-json\/wp\/v2\/comments?post=130931"}],"version-history":[{"count":2,"href":"https:\/\/diariodigitalmx.com\/index.php\/wp-json\/wp\/v2\/posts\/130931\/revisions"}],"predecessor-version":[{"id":130935,"href":"https:\/\/diariodigitalmx.com\/index.php\/wp-json\/wp\/v2\/posts\/130931\/revisions\/130935"}],"wp:featuredmedia":[{"embeddable":true,"href":"https:\/\/diariodigitalmx.com\/index.php\/wp-json\/wp\/v2\/media\/130933"}],"wp:attachment":[{"href":"https:\/\/diariodigitalmx.com\/index.php\/wp-json\/wp\/v2\/media?parent=130931"}],"wp:term":[{"taxonomy":"category","embeddable":true,"href":"https:\/\/diariodigitalmx.com\/index.php\/wp-json\/wp\/v2\/categories?post=130931"},{"taxonomy":"post_tag","embeddable":true,"href":"https:\/\/diariodigitalmx.com\/index.php\/wp-json\/wp\/v2\/tags?post=130931"}],"curies":[{"name":"wp","href":"https:\/\/api.w.org\/{rel}","templated":true}]}}