{"id":130952,"date":"2025-02-11T09:12:05","date_gmt":"2025-02-11T15:12:05","guid":{"rendered":"https:\/\/diariodigitalmx.com\/?p=130952"},"modified":"2025-02-11T09:13:03","modified_gmt":"2025-02-11T15:13:03","slug":"muertes-por-contaminacion-ambiental","status":"publish","type":"post","link":"https:\/\/diariodigitalmx.com\/index.php\/2025\/02\/11\/muertes-por-contaminacion-ambiental\/","title":{"rendered":"Muertes por contaminaci\u00f3n ambiental"},"content":{"rendered":"\n<p>Ra\u00fal Guajardo Cant\u00fa&nbsp;<\/p>\n\n\n\n<p>Una de las consecuencias derivadas de la contaminaci\u00f3n ambiental del \u00e1rea metropolitana de Monterrey que menos se menciona es la cantidad de muertes a consecuencia de este fen\u00f3meno provocado por la refiner\u00eda de Cadereyta, las empresas y el tr\u00e1fico vehicular.<\/p>\n\n\n\n<p>En el a\u00f1o 2023, el entonces secretario de Medio Ambiente en el estado, puso el dedo en la llaga al mostrar las cifras de fallecimientos prematuros producidos por este fen\u00f3meno: 2 500.<\/p>\n\n\n\n<p>Como punto de comparaci\u00f3n, en 2024 en el estado se presentaron menos de 1 500 muertes derivadas de la violencia originada por la delincuencia, delitos de alto impacto como suelen se\u00f1alarse. El estado con m\u00e1s muertes violentas, Guanajuato, tuvo menos que las que hubo en Nuevo Le\u00f3n como producto de la contaminaci\u00f3n.<\/p>\n\n\n\n<p>Como puede observarse, estamos ante un problema cuyos efectos sobre la poblaci\u00f3n no hemos evaluado correctamente. El Congreso, que est\u00e1 llamando la atenci\u00f3n sobre el destino del impuesto verde, deber\u00eda tambi\u00e9n llamar a cuentas a dependencias como Salud para que informe sobre las defunciones derivadas de este fen\u00f3meno.<\/p>\n\n\n\n<p>Porque el costo social y humano, 2 500 familias que perdieron a uno de sus integrantes debido a la contaminaci\u00f3n, no puede ser menos importante que las casi 1 500 muertes producto de la inseguridad que, por ser generalmente nota de primera plana o titulares en los medios electr\u00f3nicos, nos parecen intolerables.<\/p>\n\n\n\n<p>Es tiempo de poner m\u00e1s atenci\u00f3n a este problema, el gobernador del estado deber\u00eda aprovechar sus contactos con la presidenta Claudia Sheinbaum para lograr que la refiner\u00eda de Cadereyta invierta lo que deba invertir para evitar la contaminaci\u00f3n que nos cuesta mucho m\u00e1s en vidas humanas que la propia inseguridad.<\/p>\n\n\n\n<p>Como lo se\u00f1ala El Porvenir en su edici\u00f3n de ayer, el domingo pasado, un d\u00eda inh\u00e1bil en el cual se supondr\u00eda que la contaminaci\u00f3n ser\u00eda menor, se present\u00f3 una mala calidad del aire en la gran mayor\u00eda de las estaciones de monitoreo lo cual no deber\u00eda sorprendernos pues como lo destaca la nota \u201cla ciudad de Monterrey es una de las m\u00e1s contaminadas de Am\u00e9rica Latina, pues las part\u00edculas PM10 presentes en el aire de la capital neoleonesa rebasan continuamente los l\u00edmites establecidos por la Organizaci\u00f3n Mundial de la Salud (OMS)\u201d.<br><\/p>\n\n\n\n<p>Es tiempo de que como sociedad hagamos algo para que este fen\u00f3meno que est\u00e1 matando a muchos nuevoleoneses, tenga una soluci\u00f3n de largo plazo, que se eviten las acciones destinadas a alcanzar uno o varios titulares en los medios de comunicaci\u00f3n o likes en redes sociales.<\/p>\n\n\n\n<p>Hablamos de la vida de 2 500 nuevoleoneses, por lo menos, de 2 500 familias que sufren la p\u00e9rdida de un ser querido, no son simples estad\u00edsticas, es un problema de vida o muerte, un problema que nos ata\u00f1e como sociedad.<\/p>\n\n\n\n<p>As\u00ed que, independientemente de la rendici\u00f3n de las cuentas econ\u00f3micas referentes al destino del impuesto verde, tambi\u00e9n se nos haga saber qu\u00e9 se est\u00e1 haciendo para evitar esas muertes que, por no llegar cada d\u00eda a las primeras planas, parecen menos importantes que las provocadas por la inseguridad. No es as\u00ed, no debe serlo.<\/p>\n","protected":false},"excerpt":{"rendered":"<p>Ra\u00fal Guajardo Cant\u00fa&nbsp; Una de las consecuencias derivadas de la contaminaci\u00f3n ambiental del \u00e1rea metropolitana de Monterrey que menos se menciona es la cantidad de muertes a consecuencia de este fen\u00f3meno provocado por la refiner\u00eda de Cadereyta, las empresas y el tr\u00e1fico vehicular. En el a\u00f1o 2023, el entonces secretario de Medio Ambiente en el [&hellip;]<\/p>\n","protected":false},"author":1,"featured_media":130620,"comment_status":"open","ping_status":"open","sticky":true,"template":"","format":"standard","meta":{"footnotes":""},"categories":[14,12],"tags":[],"_links":{"self":[{"href":"https:\/\/diariodigitalmx.com\/index.php\/wp-json\/wp\/v2\/posts\/130952"}],"collection":[{"href":"https:\/\/diariodigitalmx.com\/index.php\/wp-json\/wp\/v2\/posts"}],"about":[{"href":"https:\/\/diariodigitalmx.com\/index.php\/wp-json\/wp\/v2\/types\/post"}],"author":[{"embeddable":true,"href":"https:\/\/diariodigitalmx.com\/index.php\/wp-json\/wp\/v2\/users\/1"}],"replies":[{"embeddable":true,"href":"https:\/\/diariodigitalmx.com\/index.php\/wp-json\/wp\/v2\/comments?post=130952"}],"version-history":[{"count":1,"href":"https:\/\/diariodigitalmx.com\/index.php\/wp-json\/wp\/v2\/posts\/130952\/revisions"}],"predecessor-version":[{"id":130953,"href":"https:\/\/diariodigitalmx.com\/index.php\/wp-json\/wp\/v2\/posts\/130952\/revisions\/130953"}],"wp:featuredmedia":[{"embeddable":true,"href":"https:\/\/diariodigitalmx.com\/index.php\/wp-json\/wp\/v2\/media\/130620"}],"wp:attachment":[{"href":"https:\/\/diariodigitalmx.com\/index.php\/wp-json\/wp\/v2\/media?parent=130952"}],"wp:term":[{"taxonomy":"category","embeddable":true,"href":"https:\/\/diariodigitalmx.com\/index.php\/wp-json\/wp\/v2\/categories?post=130952"},{"taxonomy":"post_tag","embeddable":true,"href":"https:\/\/diariodigitalmx.com\/index.php\/wp-json\/wp\/v2\/tags?post=130952"}],"curies":[{"name":"wp","href":"https:\/\/api.w.org\/{rel}","templated":true}]}}