{"id":130954,"date":"2025-02-11T09:21:35","date_gmt":"2025-02-11T15:21:35","guid":{"rendered":"https:\/\/diariodigitalmx.com\/?p=130954"},"modified":"2025-02-11T09:22:34","modified_gmt":"2025-02-11T15:22:34","slug":"dar-el-viejazo","status":"publish","type":"post","link":"https:\/\/diariodigitalmx.com\/index.php\/2025\/02\/11\/dar-el-viejazo\/","title":{"rendered":"Dar el viejazo"},"content":{"rendered":"\n<p>Gerson G\u00f3mez Salas<\/p>\n\n\n\n<p>No se lo digan al PRI o al PAN. Huelen a carro\u00f1a. Descompuestos sociales. Alimento de los gallinazos de la carretera. Pelean los restos del sistema democr\u00e1tico. Al infierno las instituciones. Antes ellos mismos deconstruyeron. Privaron de recursos. Pasaron a manos privadas. Enriquecieron unos pocos. Las cabezas visibles.<\/p>\n\n\n\n<p>Azorados por la recomposici\u00f3n del Poder Judicial. Van de salida muchos de sus alfiles. Nunca m\u00e1s podr\u00e1n disuadir las ambiciones de los clientes afamados. M\u00e9xico produce millones de pobres. Cada a\u00f1o sumamos a los ca\u00eddos en desgracia. Si hace falta los expulsa de los territorios originales.<\/p>\n\n\n\n<p>Bienvenidos paisanos. En migraci\u00f3n norte\u00f1a. Deje los d\u00f3lares en la garita. Nuestra guardia nacional repatria los despojos humanos.<\/p>\n\n\n\n<p>Aqu\u00ed viene en la siguiente hondonada centroamericanos, sudamericanos, del caribe y desde oriente. Bienvenidos welcome. M\u00e9xico recibe a los desterrados. Invisibles para el PRI y al PAN. Los negocios grandes apenas cruzaron por Usumacinta. Trafico humano. Los muertos de hambre tambi\u00e9n necesitan alimento para el cuerpo, el alma.<\/p>\n\n\n\n<p>MORENA ahora est\u00e1 afiliando a miles de personas. En el interior del pa\u00eds aceleran las metas. Jefes de manzana, de colonia, de alcald\u00eda, gestores por estado. La maquinaria de los necesitados.<\/p>\n\n\n\n<p>Comienzan a usar las mismas pr\u00e1cticas de sus maestros en ovaci\u00f3n funeraria. Cada apoyo, las becas, por situaci\u00f3n diferenciada, suman al d\u00e9ficit de gasto corriente del gobierno federal.<\/p>\n\n\n\n<p>La apariencia maquillada, momificada. MORENA tambi\u00e9n esta dando el paso a la infamia destructiva del ogro filantr\u00f3pico. Rebautizado como Humanismo mexicano. El mejor silogismo eufem\u00edstico de los pol\u00edticos emergentes, arrogantes.<\/p>\n","protected":false},"excerpt":{"rendered":"<p>Gerson G\u00f3mez Salas No se lo digan al PRI o al PAN. Huelen a carro\u00f1a. Descompuestos sociales. Alimento de los gallinazos de la carretera. Pelean los restos del sistema democr\u00e1tico. Al infierno las instituciones. Antes ellos mismos deconstruyeron. Privaron de recursos. Pasaron a manos privadas. Enriquecieron unos pocos. Las cabezas visibles. Azorados por la recomposici\u00f3n [&hellip;]<\/p>\n","protected":false},"author":1,"featured_media":130956,"comment_status":"open","ping_status":"open","sticky":true,"template":"","format":"standard","meta":{"footnotes":""},"categories":[12,5],"tags":[],"_links":{"self":[{"href":"https:\/\/diariodigitalmx.com\/index.php\/wp-json\/wp\/v2\/posts\/130954"}],"collection":[{"href":"https:\/\/diariodigitalmx.com\/index.php\/wp-json\/wp\/v2\/posts"}],"about":[{"href":"https:\/\/diariodigitalmx.com\/index.php\/wp-json\/wp\/v2\/types\/post"}],"author":[{"embeddable":true,"href":"https:\/\/diariodigitalmx.com\/index.php\/wp-json\/wp\/v2\/users\/1"}],"replies":[{"embeddable":true,"href":"https:\/\/diariodigitalmx.com\/index.php\/wp-json\/wp\/v2\/comments?post=130954"}],"version-history":[{"count":1,"href":"https:\/\/diariodigitalmx.com\/index.php\/wp-json\/wp\/v2\/posts\/130954\/revisions"}],"predecessor-version":[{"id":130955,"href":"https:\/\/diariodigitalmx.com\/index.php\/wp-json\/wp\/v2\/posts\/130954\/revisions\/130955"}],"wp:featuredmedia":[{"embeddable":true,"href":"https:\/\/diariodigitalmx.com\/index.php\/wp-json\/wp\/v2\/media\/130956"}],"wp:attachment":[{"href":"https:\/\/diariodigitalmx.com\/index.php\/wp-json\/wp\/v2\/media?parent=130954"}],"wp:term":[{"taxonomy":"category","embeddable":true,"href":"https:\/\/diariodigitalmx.com\/index.php\/wp-json\/wp\/v2\/categories?post=130954"},{"taxonomy":"post_tag","embeddable":true,"href":"https:\/\/diariodigitalmx.com\/index.php\/wp-json\/wp\/v2\/tags?post=130954"}],"curies":[{"name":"wp","href":"https:\/\/api.w.org\/{rel}","templated":true}]}}