{"id":130970,"date":"2025-02-11T13:47:59","date_gmt":"2025-02-11T19:47:59","guid":{"rendered":"https:\/\/diariodigitalmx.com\/?p=130970"},"modified":"2025-02-11T13:49:14","modified_gmt":"2025-02-11T19:49:14","slug":"confirman-que-cuerpo-encontrado-en-cerro-es-el-de-joven-de-22-anos","status":"publish","type":"post","link":"https:\/\/diariodigitalmx.com\/index.php\/2025\/02\/11\/confirman-que-cuerpo-encontrado-en-cerro-es-el-de-joven-de-22-anos\/","title":{"rendered":"Confirman que cuerpo encontrado en cerro es el de joven de 22 a\u00f1os"},"content":{"rendered":"\n<p>Monterrey. &#8211;&nbsp; La Fiscal\u00eda Especializada en Feminicidios y Delitos contra las Mujeres, confirm\u00f3 que el cuerpo encontrado el lunes en el Cerro de las Mitras, al poniente de Monterrey, es el de la joven de 22 a\u00f1os de edad,&nbsp;<strong>Ana Carolina Saucedo Bahena.<\/strong><\/p>\n\n\n\n<p><strong>La Fiscal Griselda N\u00fa\u00f1ez dijo que el cuerpo no present\u00f3 ninguna huella de violencia, pero ser\u00e1, los resultados de la autopsia los que den un informe exacto de las causas de la muerte de la estudiante que subi\u00f3 al cerro poco antes de las 9 de la ma\u00f1ana del viernes, incluso, as\u00ed lo muestran los registros que se tienen a la entrada de la vereda del lugar y que se solicitan a los senderistas.<\/strong><\/p>\n\n\n\n<p>La funcionaria acompa\u00f1ada de Alejandro Sep\u00falveda Mart\u00ednez, Fiscal Especializado en Personas Desaparecidas dijo que los familiares de la joven identificaron el cuerpo<\/p>\n\n\n\n<p>Ana Carolina fue llevada el viernes por la ma\u00f1ana a la Universidad del valle de M\u00e9xico, en el sector Cumbres, al poniente, y despu\u00e9s ya no supo de ella, pues no habr\u00eda entrado a clases y se encamin\u00f3 al cerro donde se registr\u00f3 en la caseta para ingresar a la Vereda a Mitras.<\/p>\n\n\n\n<p>Tras el reporte, las autoridades iniciaron la b\u00fasqueda el domingo por medio de diversos cuerpos de auxilio, pero el cuerpo fue localizado el lunes a las 11:00 horas.<\/p>\n\n\n\n<p>El cuerpo estaba en una vereda que conduce al paraje conocido como Cama de Piedra, a unos 10 minutos del acceso a la Vereda a Mitras, y sus pertenencias se encontraron intactas.<\/p>\n\n\n\n<p>El guardia de seguridad de la caseta de entrada a la vereda confirm\u00f3 que a las 8:47 de la ma\u00f1ana del viernes, la estudiante se registr\u00f3 y subi\u00f3 al cerro.<\/p>\n\n\n\n<p>Dijo que la joven subi\u00f3 sola pero no se report\u00f3 su salida o bajada del lugar.<\/p>\n\n\n\n<p>&#8220;Fue levantado el cuerpo, est\u00e1n haci\u00e9ndose las diligencias e investigaci\u00f3n correspondientes y tenemos el conocimiento de que ya fue practicada la autopsia&#8221;, mencion\u00f3 a su vez Griselda N\u00fa\u00f1ez.<\/p>\n\n\n\n<p>&#8220;La autopsia est\u00e1 pendiente del resultado por motivos de estudios especializados como son los de&nbsp;<strong>toxicolog\u00eda<\/strong>, y tambi\u00e9n estudios de patolog\u00eda para poder dar la determinaci\u00f3n de causa de muerte\u201d, agreg\u00f3 y se\u00f1al\u00f3 que los detalles de la investigaci\u00f3n quedar\u00e1n reservados \u00fanica y exclusivamente a la familia.<\/p>\n\n\n\n<p>&#8220;En el hallazgo del cuerpo no ten\u00eda ninguna muestra de signo de violencia ni tampoco de alg\u00fan tipo de da\u00f1o en su espacio de cuerpo, por lo que estamos en espera del resultado de la autopsia.<\/p>\n\n\n\n<p>Unos 70 elementos de rescate de diversas corporaciones ocuparon seis horas para rescatar el cuerpo de la joven que estaba boca arriba, pues,&nbsp;primero se realizaron las indagatorias en el punto, y luego se baj\u00f3 el cuerpo por la pendiente del cerro al filo de las 17:30 horas.<\/p>\n\n\n\n<p>Por la noche, vecinos del sector que habitan al pie del cerro colocaron veladoras a unos metros de la caseta de acceso al sendero. La Fiscal N\u00fa\u00f1ez, explic\u00f3 que la investigaci\u00f3n sigue de manera exhaustiva para confirmar el deceso de la estudiante.<\/p>\n","protected":false},"excerpt":{"rendered":"<p>Monterrey. &#8211;&nbsp; La Fiscal\u00eda Especializada en Feminicidios y Delitos contra las Mujeres, confirm\u00f3 que el cuerpo encontrado el lunes en el Cerro de las Mitras, al poniente de Monterrey, es el de la joven de 22 a\u00f1os de edad,&nbsp;Ana Carolina Saucedo Bahena. La Fiscal Griselda N\u00fa\u00f1ez dijo que el cuerpo no present\u00f3 ninguna huella de [&hellip;]<\/p>\n","protected":false},"author":1,"featured_media":130972,"comment_status":"open","ping_status":"open","sticky":true,"template":"","format":"standard","meta":{"footnotes":""},"categories":[3,5,7],"tags":[],"_links":{"self":[{"href":"https:\/\/diariodigitalmx.com\/index.php\/wp-json\/wp\/v2\/posts\/130970"}],"collection":[{"href":"https:\/\/diariodigitalmx.com\/index.php\/wp-json\/wp\/v2\/posts"}],"about":[{"href":"https:\/\/diariodigitalmx.com\/index.php\/wp-json\/wp\/v2\/types\/post"}],"author":[{"embeddable":true,"href":"https:\/\/diariodigitalmx.com\/index.php\/wp-json\/wp\/v2\/users\/1"}],"replies":[{"embeddable":true,"href":"https:\/\/diariodigitalmx.com\/index.php\/wp-json\/wp\/v2\/comments?post=130970"}],"version-history":[{"count":1,"href":"https:\/\/diariodigitalmx.com\/index.php\/wp-json\/wp\/v2\/posts\/130970\/revisions"}],"predecessor-version":[{"id":130971,"href":"https:\/\/diariodigitalmx.com\/index.php\/wp-json\/wp\/v2\/posts\/130970\/revisions\/130971"}],"wp:featuredmedia":[{"embeddable":true,"href":"https:\/\/diariodigitalmx.com\/index.php\/wp-json\/wp\/v2\/media\/130972"}],"wp:attachment":[{"href":"https:\/\/diariodigitalmx.com\/index.php\/wp-json\/wp\/v2\/media?parent=130970"}],"wp:term":[{"taxonomy":"category","embeddable":true,"href":"https:\/\/diariodigitalmx.com\/index.php\/wp-json\/wp\/v2\/categories?post=130970"},{"taxonomy":"post_tag","embeddable":true,"href":"https:\/\/diariodigitalmx.com\/index.php\/wp-json\/wp\/v2\/tags?post=130970"}],"curies":[{"name":"wp","href":"https:\/\/api.w.org\/{rel}","templated":true}]}}