{"id":130973,"date":"2025-02-11T21:28:21","date_gmt":"2025-02-12T03:28:21","guid":{"rendered":"https:\/\/diariodigitalmx.com\/?p=130973"},"modified":"2025-02-11T21:50:49","modified_gmt":"2025-02-12T03:50:49","slug":"coordina-escobedo-estrategias-para-prevenir-y-combatir-incendios-forestales","status":"publish","type":"post","link":"https:\/\/diariodigitalmx.com\/index.php\/2025\/02\/11\/coordina-escobedo-estrategias-para-prevenir-y-combatir-incendios-forestales\/","title":{"rendered":"Coordina Escobedo estrategias para prevenir y combatir incendios forestales"},"content":{"rendered":"\n<figure class=\"wp-block-image size-large\"><img loading=\"lazy\" decoding=\"async\" width=\"1024\" height=\"682\" src=\"https:\/\/diariodigitalmx.com\/wp-content\/uploads\/2025\/02\/WhatsApp-Image-2025-02-11-at-4.17.18-PM-2-1024x682.jpeg\" alt=\"\" class=\"wp-image-130989\" srcset=\"https:\/\/diariodigitalmx.com\/wp-content\/uploads\/2025\/02\/WhatsApp-Image-2025-02-11-at-4.17.18-PM-2-1024x682.jpeg 1024w, https:\/\/diariodigitalmx.com\/wp-content\/uploads\/2025\/02\/WhatsApp-Image-2025-02-11-at-4.17.18-PM-2-300x200.jpeg 300w, https:\/\/diariodigitalmx.com\/wp-content\/uploads\/2025\/02\/WhatsApp-Image-2025-02-11-at-4.17.18-PM-2-768x512.jpeg 768w, https:\/\/diariodigitalmx.com\/wp-content\/uploads\/2025\/02\/WhatsApp-Image-2025-02-11-at-4.17.18-PM-2-1536x1023.jpeg 1536w, https:\/\/diariodigitalmx.com\/wp-content\/uploads\/2025\/02\/WhatsApp-Image-2025-02-11-at-4.17.18-PM-2.jpeg 1600w\" sizes=\"(max-width: 1024px) 100vw, 1024px\" \/><\/figure>\n\n\n\n<p>Ante el inicio de la temporada de incendios forestales, el Municipio de Escobedo se declar\u00f3 listo para prevenir y combatir eficazmente este tipo de siniestros, adem\u00e1s de atender de forma inmediata las situaciones de riesgo para los ciudadanos.<br>En las faldas del Cerro del Topo, el Alcalde Andr\u00e9s Mijes se reuni\u00f3 la ma\u00f1ana de este martes con integrantes del Consejo de Protecci\u00f3n Civil conformado por autoridades locales, estatales y federales, quienes encabezaran un operativo preventivo y de reacci\u00f3n en toda la Ciudad.<br>Mijes precis\u00f3 que en la 4T Norte\u00f1a no hay cabida para improvisaciones por ello a trav\u00e9s de la colaboraci\u00f3n buscaran proteger \u00e1reas verdes, las comunidades y salvaguardar la integridad de las familias.<\/p>\n\n\n\n<figure class=\"wp-block-image size-large\"><img loading=\"lazy\" decoding=\"async\" width=\"1024\" height=\"682\" src=\"https:\/\/diariodigitalmx.com\/wp-content\/uploads\/2025\/02\/WhatsApp-Image-2025-02-11-at-4.22.44-PM-1-1024x682.jpeg\" alt=\"\" class=\"wp-image-130991\" srcset=\"https:\/\/diariodigitalmx.com\/wp-content\/uploads\/2025\/02\/WhatsApp-Image-2025-02-11-at-4.22.44-PM-1-1024x682.jpeg 1024w, https:\/\/diariodigitalmx.com\/wp-content\/uploads\/2025\/02\/WhatsApp-Image-2025-02-11-at-4.22.44-PM-1-300x200.jpeg 300w, https:\/\/diariodigitalmx.com\/wp-content\/uploads\/2025\/02\/WhatsApp-Image-2025-02-11-at-4.22.44-PM-1-768x512.jpeg 768w, https:\/\/diariodigitalmx.com\/wp-content\/uploads\/2025\/02\/WhatsApp-Image-2025-02-11-at-4.22.44-PM-1-1536x1023.jpeg 1536w, https:\/\/diariodigitalmx.com\/wp-content\/uploads\/2025\/02\/WhatsApp-Image-2025-02-11-at-4.22.44-PM-1.jpeg 1600w\" sizes=\"(max-width: 1024px) 100vw, 1024px\" \/><\/figure>\n\n\n\n<p>\u201cSabemos que gobernar no es improvisar, sino prever, planear y ejecutar con estrategia. Aqu\u00ed no esperamos a que los problemas nos superen, los enfrentamos con determinaci\u00f3n. Hoy nos preparamos para los efectos del calor extrema, escasez de agua y el riesgo latente de incendios\u201d, expres\u00f3 el Edil.<br>El Gobierno Municipal de Escobedo trabajar\u00e1 de la mano con Secretar\u00eda de la Defensa Nacional (SEDENA), Guardia Nacional, Conagua, Fuerza Civil, Bomberos Nuevo Le\u00f3n, Cruz Roja, as\u00ed como Protecci\u00f3n Civil Municipal y Estatal, las Secretar\u00edas de Seguridad Ciudadana y de Servicios P\u00fablicos de Escobedo para reforzar las estrategias para prevenir siniestros que afecten a la poblaci\u00f3n.<\/p>\n\n\n\n<p>Para combatir y prevenir incendios en Escobedo se tienen operativos para detectar lotes bald\u00edos y girar avisos a los propietarios para que realicen su limpieza, adem\u00e1s el Municipio ha intervenido las \u00e1reas que se han convertido en focos de riesgo.<\/p>\n\n\n\n<p>El Alcalde explic\u00f3 que en Escobedo, diferentes dependencias municipales realizan operativos de vigilancia para evitar la quema ilegal de basura, as\u00ed como inspecciones peri\u00f3dicas a empresas para verificar que en sus instalaciones cuenten con lo indispensable para hacer frente a incendios.<br>\u201cClaro que sabemos resolver, pero mejor que eso, aqu\u00ed sabemos prevenir y sabemos hacer que los problemas no ocurran\u201d, se\u00f1al\u00f3.<br>Se exhorta a la poblaci\u00f3n que acude a \u00e1reas como el Cerro del Topo para que no fumen y tiren las colillas de cigarro entre la maleza, y que no realicen fogatas, sobre todo cuando las temperaturas sean altas o se<br>registren fuertes vientos.<br>En caso de detectar alg\u00fan incendio se invita a la ciudadan\u00eda a reportarlo al 911 y al tel\u00e9fono de Protecci\u00f3n Civil de Escobedo en el 81.8397.2911.<\/p>\n","protected":false},"excerpt":{"rendered":"<p>Ante el inicio de la temporada de incendios forestales, el Municipio de Escobedo se declar\u00f3 listo para prevenir y combatir eficazmente este tipo de siniestros, adem\u00e1s de atender de forma inmediata las situaciones de riesgo para los ciudadanos.En las faldas del Cerro del Topo, el Alcalde Andr\u00e9s Mijes se reuni\u00f3 la ma\u00f1ana de este martes [&hellip;]<\/p>\n","protected":false},"author":1,"featured_media":130988,"comment_status":"open","ping_status":"open","sticky":true,"template":"","format":"standard","meta":{"footnotes":""},"categories":[6],"tags":[],"_links":{"self":[{"href":"https:\/\/diariodigitalmx.com\/index.php\/wp-json\/wp\/v2\/posts\/130973"}],"collection":[{"href":"https:\/\/diariodigitalmx.com\/index.php\/wp-json\/wp\/v2\/posts"}],"about":[{"href":"https:\/\/diariodigitalmx.com\/index.php\/wp-json\/wp\/v2\/types\/post"}],"author":[{"embeddable":true,"href":"https:\/\/diariodigitalmx.com\/index.php\/wp-json\/wp\/v2\/users\/1"}],"replies":[{"embeddable":true,"href":"https:\/\/diariodigitalmx.com\/index.php\/wp-json\/wp\/v2\/comments?post=130973"}],"version-history":[{"count":3,"href":"https:\/\/diariodigitalmx.com\/index.php\/wp-json\/wp\/v2\/posts\/130973\/revisions"}],"predecessor-version":[{"id":130993,"href":"https:\/\/diariodigitalmx.com\/index.php\/wp-json\/wp\/v2\/posts\/130973\/revisions\/130993"}],"wp:featuredmedia":[{"embeddable":true,"href":"https:\/\/diariodigitalmx.com\/index.php\/wp-json\/wp\/v2\/media\/130988"}],"wp:attachment":[{"href":"https:\/\/diariodigitalmx.com\/index.php\/wp-json\/wp\/v2\/media?parent=130973"}],"wp:term":[{"taxonomy":"category","embeddable":true,"href":"https:\/\/diariodigitalmx.com\/index.php\/wp-json\/wp\/v2\/categories?post=130973"},{"taxonomy":"post_tag","embeddable":true,"href":"https:\/\/diariodigitalmx.com\/index.php\/wp-json\/wp\/v2\/tags?post=130973"}],"curies":[{"name":"wp","href":"https:\/\/api.w.org\/{rel}","templated":true}]}}