{"id":130975,"date":"2025-02-11T21:29:20","date_gmt":"2025-02-12T03:29:20","guid":{"rendered":"https:\/\/diariodigitalmx.com\/?p=130975"},"modified":"2025-02-11T23:04:05","modified_gmt":"2025-02-12T05:04:05","slug":"congreso-aprueba-reforma-para-renombrar-la-comision-de-desarrollo-social","status":"publish","type":"post","link":"https:\/\/diariodigitalmx.com\/index.php\/2025\/02\/11\/congreso-aprueba-reforma-para-renombrar-la-comision-de-desarrollo-social\/","title":{"rendered":"Congreso aprueba reforma para renombrar la Comisi\u00f3n de Desarrollo Social"},"content":{"rendered":"\n<p>El Congreso del Estado de Nuevo Le\u00f3n aprob\u00f3 una reforma para cambiar la denominaci\u00f3n de la Comisi\u00f3n de Desarrollo Social, Derechos Humanos y Asuntos Ind\u00edgenas a Comisi\u00f3n de Bienestar, Derechos Humanos, Pueblos y Comunidades Ind\u00edgenas y Afromexicanos. La iniciativa fue impulsada por la diputada local de Morena, Grecia Benavides, con el objetivo de actualizar y adecuar el nombre de la comisi\u00f3n para reflejar de manera m\u00e1s inclusiva y representativa la composici\u00f3n social del estado, as\u00ed como atender las nuevas realidades y necesidades de diversos grupos sociales.<\/p>\n\n\n\n<p>&#8220;En el A\u00f1o de la Mujer Ind\u00edgena, con un Congreso que por primera vez cuenta con m\u00e1s diputadas, con este cambio, vamos a hablar de bienestar para todo el pueblo de Nuevo Le\u00f3n y, por fin, ser\u00e1n reconocidos los derechos de los pueblos originarios y comunidades ind\u00edgenas y afromexicanos\u201d, expres\u00f3 la legisladora.<\/p>\n\n\n\n<p>El decreto aprobado reforma el Art\u00edculo 70 de la Ley Org\u00e1nica del Congreso del Estado de Nuevo Le\u00f3n y el Art\u00edculo 39 del Reglamento para el Gobierno Interior del Congreso. Con esta modificaci\u00f3n, la Comisi\u00f3n atender\u00e1 asuntos relacionados con la protecci\u00f3n de los derechos humanos, el bienestar social, la calidad de vida de la poblaci\u00f3n y acciones para combatir la pobreza extrema y la desigualdad.<\/p>\n","protected":false},"excerpt":{"rendered":"<p>El Congreso del Estado de Nuevo Le\u00f3n aprob\u00f3 una reforma para cambiar la denominaci\u00f3n de la Comisi\u00f3n de Desarrollo Social, Derechos Humanos y Asuntos Ind\u00edgenas a Comisi\u00f3n de Bienestar, Derechos Humanos, Pueblos y Comunidades Ind\u00edgenas y Afromexicanos. La iniciativa fue impulsada por la diputada local de Morena, Grecia Benavides, con el objetivo de actualizar y [&hellip;]<\/p>\n","protected":false},"author":1,"featured_media":131018,"comment_status":"open","ping_status":"open","sticky":true,"template":"","format":"standard","meta":{"footnotes":""},"categories":[14,6],"tags":[],"_links":{"self":[{"href":"https:\/\/diariodigitalmx.com\/index.php\/wp-json\/wp\/v2\/posts\/130975"}],"collection":[{"href":"https:\/\/diariodigitalmx.com\/index.php\/wp-json\/wp\/v2\/posts"}],"about":[{"href":"https:\/\/diariodigitalmx.com\/index.php\/wp-json\/wp\/v2\/types\/post"}],"author":[{"embeddable":true,"href":"https:\/\/diariodigitalmx.com\/index.php\/wp-json\/wp\/v2\/users\/1"}],"replies":[{"embeddable":true,"href":"https:\/\/diariodigitalmx.com\/index.php\/wp-json\/wp\/v2\/comments?post=130975"}],"version-history":[{"count":1,"href":"https:\/\/diariodigitalmx.com\/index.php\/wp-json\/wp\/v2\/posts\/130975\/revisions"}],"predecessor-version":[{"id":130976,"href":"https:\/\/diariodigitalmx.com\/index.php\/wp-json\/wp\/v2\/posts\/130975\/revisions\/130976"}],"wp:featuredmedia":[{"embeddable":true,"href":"https:\/\/diariodigitalmx.com\/index.php\/wp-json\/wp\/v2\/media\/131018"}],"wp:attachment":[{"href":"https:\/\/diariodigitalmx.com\/index.php\/wp-json\/wp\/v2\/media?parent=130975"}],"wp:term":[{"taxonomy":"category","embeddable":true,"href":"https:\/\/diariodigitalmx.com\/index.php\/wp-json\/wp\/v2\/categories?post=130975"},{"taxonomy":"post_tag","embeddable":true,"href":"https:\/\/diariodigitalmx.com\/index.php\/wp-json\/wp\/v2\/tags?post=130975"}],"curies":[{"name":"wp","href":"https:\/\/api.w.org\/{rel}","templated":true}]}}