{"id":130977,"date":"2025-02-11T21:30:12","date_gmt":"2025-02-12T03:30:12","guid":{"rendered":"https:\/\/diariodigitalmx.com\/?p=130977"},"modified":"2025-02-11T21:52:29","modified_gmt":"2025-02-12T03:52:29","slug":"es-procedente-enjuiciar-politicamente-a-samuel-garcia","status":"publish","type":"post","link":"https:\/\/diariodigitalmx.com\/index.php\/2025\/02\/11\/es-procedente-enjuiciar-politicamente-a-samuel-garcia\/","title":{"rendered":"Es procedente enjuiciar pol\u00edticamente a Samuel Garc\u00eda"},"content":{"rendered":"\n<p>Monterrey. \u2010&nbsp; La&nbsp;<strong>Comisi\u00f3n Anticorrupci\u00f3n<\/strong>&nbsp;del Congreso de Nuevo Le\u00f3n declar\u00f3 procedente el inicio de&nbsp;<strong>juicios pol\u00edticos<\/strong>&nbsp;contra el Gobernador Samuel Garc\u00eda, al que se le requiri\u00f3 para el 20 de febrero a las 16:00 horas e informe lo que a su derecho convenga.<\/p>\n\n\n\n<p>La declaratoria de procedencia fue aprobada con el voto de seis legisladores del PAN, PRI y PRD; cuatro en abstenci\u00f3n de los diputados de diputados de Morena y PVEM y el voto en contra de Sandra P\u00e1manes, de Movimiento Ciudadano.<\/p>\n\n\n\n<p>La orden de atender el tema y sancionar al Ejecutivo es de la Sala Superior y la Sala Regional Especializada del&nbsp;<strong>Tribunal Electoral del Poder Judicial de la Federaci\u00f3n.<\/strong><\/p>\n\n\n\n<p>&nbsp;&#8220;Es procedente la denuncia de juicio pol\u00edtico promovido por Jos\u00e9 Luis Garza Ochoa (presidente estatal del PRI) y Policarpo Flores Pe\u00f1a, (presidente estatal del PAN) en contra de Samuel Garc\u00eda, Gobernador del Estado, por conductas que da\u00f1an gravemente los intereses p\u00fablicos fundamentales, con sustento en las resoluciones SRE-PSC-526\/2024, SRE-PSC-533\/2024, SRE-PSL-33\/2024, SRE-PSL-63\/2024, SRE-PSC-477\/2024 y SRE-PSC-557\/2024 de la Sala Regional Especializada del Tribunal Electoral del Poder Judicial de la Federaci\u00f3n&#8221;, se\u00f1ala el acuerdo.<\/p>\n\n\n\n<p>La acusaci\u00f3n es&nbsp;por uso indebido de recursos p\u00fablicos, as\u00ed como atacar el ejercicio del sufragio de los ciudadanos de Nuevo Le\u00f3n al vulnerar los principios de imparcialidad, neutralidad y equidad que deb\u00edan regir en la contienda electoral 2024.<\/p>\n\n\n\n<p>&#8220;&#8230; Se instruye a la Oficial\u00eda Mayor para que a trav\u00e9s de la Direcci\u00f3n Jur\u00eddica del Congreso, se emplace al denunciado para que informe a esta Comisi\u00f3n lo que a su derecho convenga, corri\u00e9ndole traslado con copias de la de denuncia y de los dem\u00e1s documentos que la integran, y se\u00f1alando el 20 de febrero a las 16:00 horas para que rinda su respectivo informe&#8221;, a\u00f1ade.<\/p>\n\n\n\n<p>Tambi\u00e9n se dio vista a la Sala Superior y a la Sala Regional Especializada de que se est\u00e1 en v\u00edas de cumplimiento de las sanciones que el Congreso deber\u00e1 aplicar al Gobernador.<\/p>\n\n\n\n<p>En la sesi\u00f3n de la Comisi\u00f3n Anticorrupci\u00f3n los integrantes de la misma se enfrascaron en dimes y diretes de apoyo y rechazo a la medida respectivamente.<\/p>\n\n\n\n<p>Antes de la sesi\u00f3n Heriberto Trevi\u00f1o, coordinador del PRI, y Carlos de la Fuente, del PAN, coincidieron en el avance hacia las sanciones no est\u00e1n en ninguna mesa de negociaci\u00f3n.<\/p>\n","protected":false},"excerpt":{"rendered":"<p>Monterrey. \u2010&nbsp; La&nbsp;Comisi\u00f3n Anticorrupci\u00f3n&nbsp;del Congreso de Nuevo Le\u00f3n declar\u00f3 procedente el inicio de&nbsp;juicios pol\u00edticos&nbsp;contra el Gobernador Samuel Garc\u00eda, al que se le requiri\u00f3 para el 20 de febrero a las 16:00 horas e informe lo que a su derecho convenga. La declaratoria de procedencia fue aprobada con el voto de seis legisladores del PAN, PRI [&hellip;]<\/p>\n","protected":false},"author":1,"featured_media":130994,"comment_status":"open","ping_status":"open","sticky":true,"template":"","format":"standard","meta":{"footnotes":""},"categories":[6,3,5],"tags":[],"_links":{"self":[{"href":"https:\/\/diariodigitalmx.com\/index.php\/wp-json\/wp\/v2\/posts\/130977"}],"collection":[{"href":"https:\/\/diariodigitalmx.com\/index.php\/wp-json\/wp\/v2\/posts"}],"about":[{"href":"https:\/\/diariodigitalmx.com\/index.php\/wp-json\/wp\/v2\/types\/post"}],"author":[{"embeddable":true,"href":"https:\/\/diariodigitalmx.com\/index.php\/wp-json\/wp\/v2\/users\/1"}],"replies":[{"embeddable":true,"href":"https:\/\/diariodigitalmx.com\/index.php\/wp-json\/wp\/v2\/comments?post=130977"}],"version-history":[{"count":1,"href":"https:\/\/diariodigitalmx.com\/index.php\/wp-json\/wp\/v2\/posts\/130977\/revisions"}],"predecessor-version":[{"id":130978,"href":"https:\/\/diariodigitalmx.com\/index.php\/wp-json\/wp\/v2\/posts\/130977\/revisions\/130978"}],"wp:featuredmedia":[{"embeddable":true,"href":"https:\/\/diariodigitalmx.com\/index.php\/wp-json\/wp\/v2\/media\/130994"}],"wp:attachment":[{"href":"https:\/\/diariodigitalmx.com\/index.php\/wp-json\/wp\/v2\/media?parent=130977"}],"wp:term":[{"taxonomy":"category","embeddable":true,"href":"https:\/\/diariodigitalmx.com\/index.php\/wp-json\/wp\/v2\/categories?post=130977"},{"taxonomy":"post_tag","embeddable":true,"href":"https:\/\/diariodigitalmx.com\/index.php\/wp-json\/wp\/v2\/tags?post=130977"}],"curies":[{"name":"wp","href":"https:\/\/api.w.org\/{rel}","templated":true}]}}