{"id":130979,"date":"2025-02-11T21:31:32","date_gmt":"2025-02-12T03:31:32","guid":{"rendered":"https:\/\/diariodigitalmx.com\/?p=130979"},"modified":"2025-02-11T21:57:05","modified_gmt":"2025-02-12T03:57:05","slug":"buscan-trabajo-mas-de-2500-personas-en-primera-feria-del-empleo-monterrey-2025","status":"publish","type":"post","link":"https:\/\/diariodigitalmx.com\/index.php\/2025\/02\/11\/buscan-trabajo-mas-de-2500-personas-en-primera-feria-del-empleo-monterrey-2025\/","title":{"rendered":"Buscan trabajo m\u00e1s de 2,500 personas en primera Feria del Empleo Monterrey 2025"},"content":{"rendered":"\n<p>*<em>Se ofertaron 8 mil oportunidades para j\u00f3venes, adultos mayores, personas con discapacidad y migrantes para puestos administrativos, operativos y de especialidades<\/em><\/p>\n\n\n\n<p>Con el prop\u00f3sito de fortalecer el mercado laboral e impulsar la inclusi\u00f3n social, el Gobierno de Monterrey, encabezado por el alcalde Adri\u00e1n de la Garza llev\u00f3 a cabo la primera Feria del Empleo 2025 a la que acudieron m\u00e1s de 2 mil 500 personas.<\/p>\n\n\n\n<p>M\u00e1s de 130 empresas ofrecieron alrededor de 8 mil vacantes en sectores administrativos, operativos, de tecnolog\u00eda, salud y educaci\u00f3n.<\/p>\n\n\n\n<p>El evento cont\u00f3 con opciones de trabajo temporal y de medio tiempo, permitiendo la integraci\u00f3n de personas con diversas necesidades.<\/p>\n\n\n\n<figure class=\"wp-block-image size-large\"><img loading=\"lazy\" decoding=\"async\" width=\"1024\" height=\"682\" src=\"https:\/\/diariodigitalmx.com\/wp-content\/uploads\/2025\/02\/IMG-20250211-WA0140-1024x682.jpg\" alt=\"\" class=\"wp-image-130997\" srcset=\"https:\/\/diariodigitalmx.com\/wp-content\/uploads\/2025\/02\/IMG-20250211-WA0140-1024x682.jpg 1024w, https:\/\/diariodigitalmx.com\/wp-content\/uploads\/2025\/02\/IMG-20250211-WA0140-300x200.jpg 300w, https:\/\/diariodigitalmx.com\/wp-content\/uploads\/2025\/02\/IMG-20250211-WA0140-768x512.jpg 768w, https:\/\/diariodigitalmx.com\/wp-content\/uploads\/2025\/02\/IMG-20250211-WA0140.jpg 1280w\" sizes=\"(max-width: 1024px) 100vw, 1024px\" \/><\/figure>\n\n\n\n<p>El alcalde destac\u00f3 la importancia de esta iniciativa para conectar a la ciudadan\u00eda con oportunidades de empleo, priorizando a j\u00f3venes, adultos mayores, personas con discapacidad y migrantes.<\/p>\n\n\n\n<p>&#8220;Es muy importante para nosotros cumplir nuestra misi\u00f3n de elevar la calidad de vida, llevar bienestar a las familias de Monterrey, y parte del bienestar es tener un empleo remunerado, formal\u201d, reconoci\u00f3 De la Garza.<\/p>\n\n\n\n<figure class=\"wp-block-image size-large\"><img loading=\"lazy\" decoding=\"async\" width=\"1024\" height=\"682\" src=\"https:\/\/diariodigitalmx.com\/wp-content\/uploads\/2025\/02\/IMG-20250211-WA0137-1024x682.jpg\" alt=\"\" class=\"wp-image-130999\" srcset=\"https:\/\/diariodigitalmx.com\/wp-content\/uploads\/2025\/02\/IMG-20250211-WA0137-1024x682.jpg 1024w, https:\/\/diariodigitalmx.com\/wp-content\/uploads\/2025\/02\/IMG-20250211-WA0137-300x200.jpg 300w, https:\/\/diariodigitalmx.com\/wp-content\/uploads\/2025\/02\/IMG-20250211-WA0137-768x512.jpg 768w, https:\/\/diariodigitalmx.com\/wp-content\/uploads\/2025\/02\/IMG-20250211-WA0137.jpg 1280w\" sizes=\"(max-width: 1024px) 100vw, 1024px\" \/><\/figure>\n\n\n\n<p>Tambi\u00e9n agradeci\u00f3 a las empresas que han hecho grande a la ciudad y al estado, as\u00ed como a los trabajadores.<\/p>\n\n\n\n<p>\u201cA todos los regiomontanos que est\u00e1n aqu\u00ed encontrando tambi\u00e9n la oportunidad de trabajar, felicitarlos y reconocerles porque la grandeza de Monterrey y de Nuevo Le\u00f3n es gracias a su gente que todos los d\u00edas quiere trabajar por esta ciudad para hacerla grande y fuerte y pr\u00f3spera\u201d, afirm\u00f3.<\/p>\n\n\n\n<p>En el evento la Secretar\u00eda de Seguridad instal\u00f3 un m\u00f3dulo para quienes deseen integrarse a la Polic\u00eda Municipal bajo condiciones de trabajo dignas.<\/p>\n\n\n\n<p>Ximena Tamariz Garc\u00eda, secretaria de Desarrollo Econ\u00f3mico coment\u00f3 la importancia de este tipo de acciones:<\/p>\n\n\n\n<p>\u201cEsto es parte de las estrategias que hemos desarrollado, que nos ha instruido el licenciado Adri\u00e1n de la Garza para alcanzar los objetivos de brindar oportunidades para todas y todos y esa es una misi\u00f3n que tenemos en la Secretar\u00eda\u201d, sostuvo.<\/p>\n\n\n\n<p>Al acto asistieron las diputadas locales Perla Villarreal, Cecilia Robledo, Armida Serrato, el legislador Rafa Ramos y Karla Navarro, directora de Promoci\u00f3n de Inversiones y Empleo, entre otros funcionarios y representantes del sector empresarial.<\/p>\n","protected":false},"excerpt":{"rendered":"<p>*Se ofertaron 8 mil oportunidades para j\u00f3venes, adultos mayores, personas con discapacidad y migrantes para puestos administrativos, operativos y de especialidades Con el prop\u00f3sito de fortalecer el mercado laboral e impulsar la inclusi\u00f3n social, el Gobierno de Monterrey, encabezado por el alcalde Adri\u00e1n de la Garza llev\u00f3 a cabo la primera Feria del Empleo 2025 [&hellip;]<\/p>\n","protected":false},"author":1,"featured_media":130996,"comment_status":"open","ping_status":"open","sticky":true,"template":"","format":"standard","meta":{"footnotes":""},"categories":[6,3,5],"tags":[],"_links":{"self":[{"href":"https:\/\/diariodigitalmx.com\/index.php\/wp-json\/wp\/v2\/posts\/130979"}],"collection":[{"href":"https:\/\/diariodigitalmx.com\/index.php\/wp-json\/wp\/v2\/posts"}],"about":[{"href":"https:\/\/diariodigitalmx.com\/index.php\/wp-json\/wp\/v2\/types\/post"}],"author":[{"embeddable":true,"href":"https:\/\/diariodigitalmx.com\/index.php\/wp-json\/wp\/v2\/users\/1"}],"replies":[{"embeddable":true,"href":"https:\/\/diariodigitalmx.com\/index.php\/wp-json\/wp\/v2\/comments?post=130979"}],"version-history":[{"count":2,"href":"https:\/\/diariodigitalmx.com\/index.php\/wp-json\/wp\/v2\/posts\/130979\/revisions"}],"predecessor-version":[{"id":131000,"href":"https:\/\/diariodigitalmx.com\/index.php\/wp-json\/wp\/v2\/posts\/130979\/revisions\/131000"}],"wp:featuredmedia":[{"embeddable":true,"href":"https:\/\/diariodigitalmx.com\/index.php\/wp-json\/wp\/v2\/media\/130996"}],"wp:attachment":[{"href":"https:\/\/diariodigitalmx.com\/index.php\/wp-json\/wp\/v2\/media?parent=130979"}],"wp:term":[{"taxonomy":"category","embeddable":true,"href":"https:\/\/diariodigitalmx.com\/index.php\/wp-json\/wp\/v2\/categories?post=130979"},{"taxonomy":"post_tag","embeddable":true,"href":"https:\/\/diariodigitalmx.com\/index.php\/wp-json\/wp\/v2\/tags?post=130979"}],"curies":[{"name":"wp","href":"https:\/\/api.w.org\/{rel}","templated":true}]}}