{"id":131022,"date":"2025-02-12T08:38:16","date_gmt":"2025-02-12T14:38:16","guid":{"rendered":"https:\/\/diariodigitalmx.com\/?p=131022"},"modified":"2025-02-12T08:40:27","modified_gmt":"2025-02-12T14:40:27","slug":"los-activistas-de-cafe","status":"publish","type":"post","link":"https:\/\/diariodigitalmx.com\/index.php\/2025\/02\/12\/los-activistas-de-cafe\/","title":{"rendered":"Los activistas de caf\u00e9"},"content":{"rendered":"\n<p>Gerson G\u00f3mez Salas<\/p>\n\n\n\n<p>Se mueven displicentes. Llevados por el encono. La ira de estar como observadores. En las tribunas de los WhatsApp o el p\u00f3dium de X, retan a los indestructibles. Ponen nombre, apellido y aspecto del funcionario cuestionado.<\/p>\n\n\n\n<p>Arremeten con la polaridad, el menosprecio de los familiares sin la menor importancia. Nuestros activistas de cafet\u00edn poco salen. Jam\u00e1s organizan marchas ni asisten solidarios contra las medidas unilaterales de pap\u00e1 gobierno.<\/p>\n\n\n\n<p>Abruman a la retah\u00edla de versos contra el mun\u00edcipe, el gobernador, el presidente en funciones y los altos costos de la vida.<\/p>\n\n\n\n<p>Su improductividad les permite rodearse de pensadores id\u00e9nticos. Dispersos en las madrigueras del colapso mental.<\/p>\n\n\n\n<p>Jam\u00e1s r\u00eden de s\u00ed mismos. Son omniscientes a la autocr\u00edtica. Los tiempos pasados fueron mejores. Tienen raz\u00f3n. Los robos al erario jam\u00e1s aclarados por los imputados. Aplauden la holgura de los apellidos de alcurnia. Pasa por alto cada despilfarro o la manera clasista de referencia a los gobiernicolas.<\/p>\n\n\n\n<p>Los activistas de caf\u00e9 tambi\u00e9n conviven, sin saberlo, de los altermundistas de izquierda, los defensores de los derechos de la comunidad lgbt plus y hasta de los simpatizantes al estudio b\u00edblico.<\/p>\n\n\n\n<p>A todos les falta la experiencia. El ganar codo a codo las calles. Irrumpir con lluvia de amparos contra los cobros de impuestos por encima de la inflaci\u00f3n.<\/p>\n\n\n\n<p>Voltean a la mesera para la siguiente tasa de caf\u00e9. Dos sobres de suplemento falso de az\u00facar y leche en peligro de cortar en crema.<\/p>\n\n\n\n<p>Cruzan los cables de la lentitud apolillada. Pagan cuenta sin dejar propina. En los dispositivos m\u00f3viles les llegan las notificaciones al \u00faltimo posteo.<\/p>\n\n\n\n<p>Viajan en shock. A donde pararemos si el presidente de la naci\u00f3n vecina ahoga las finanzas nacionales. En otra \u00e9poca, si en otra realidad, triunfan contra los enemigos invisibles.<\/p>\n","protected":false},"excerpt":{"rendered":"<p>Gerson G\u00f3mez Salas Se mueven displicentes. Llevados por el encono. La ira de estar como observadores. En las tribunas de los WhatsApp o el p\u00f3dium de X, retan a los indestructibles. Ponen nombre, apellido y aspecto del funcionario cuestionado. Arremeten con la polaridad, el menosprecio de los familiares sin la menor importancia. Nuestros activistas de [&hellip;]<\/p>\n","protected":false},"author":1,"featured_media":129251,"comment_status":"open","ping_status":"open","sticky":true,"template":"","format":"standard","meta":{"footnotes":""},"categories":[14,12],"tags":[],"_links":{"self":[{"href":"https:\/\/diariodigitalmx.com\/index.php\/wp-json\/wp\/v2\/posts\/131022"}],"collection":[{"href":"https:\/\/diariodigitalmx.com\/index.php\/wp-json\/wp\/v2\/posts"}],"about":[{"href":"https:\/\/diariodigitalmx.com\/index.php\/wp-json\/wp\/v2\/types\/post"}],"author":[{"embeddable":true,"href":"https:\/\/diariodigitalmx.com\/index.php\/wp-json\/wp\/v2\/users\/1"}],"replies":[{"embeddable":true,"href":"https:\/\/diariodigitalmx.com\/index.php\/wp-json\/wp\/v2\/comments?post=131022"}],"version-history":[{"count":1,"href":"https:\/\/diariodigitalmx.com\/index.php\/wp-json\/wp\/v2\/posts\/131022\/revisions"}],"predecessor-version":[{"id":131023,"href":"https:\/\/diariodigitalmx.com\/index.php\/wp-json\/wp\/v2\/posts\/131022\/revisions\/131023"}],"wp:featuredmedia":[{"embeddable":true,"href":"https:\/\/diariodigitalmx.com\/index.php\/wp-json\/wp\/v2\/media\/129251"}],"wp:attachment":[{"href":"https:\/\/diariodigitalmx.com\/index.php\/wp-json\/wp\/v2\/media?parent=131022"}],"wp:term":[{"taxonomy":"category","embeddable":true,"href":"https:\/\/diariodigitalmx.com\/index.php\/wp-json\/wp\/v2\/categories?post=131022"},{"taxonomy":"post_tag","embeddable":true,"href":"https:\/\/diariodigitalmx.com\/index.php\/wp-json\/wp\/v2\/tags?post=131022"}],"curies":[{"name":"wp","href":"https:\/\/api.w.org\/{rel}","templated":true}]}}