{"id":131058,"date":"2025-02-12T22:42:39","date_gmt":"2025-02-13T04:42:39","guid":{"rendered":"https:\/\/diariodigitalmx.com\/?p=131058"},"modified":"2025-02-12T22:45:31","modified_gmt":"2025-02-13T04:45:31","slug":"instala-dif-monterrey-comision-de-proteccion-para-ninas-ninos-y-adolescentes","status":"publish","type":"post","link":"https:\/\/diariodigitalmx.com\/index.php\/2025\/02\/12\/instala-dif-monterrey-comision-de-proteccion-para-ninas-ninos-y-adolescentes\/","title":{"rendered":"Instala DIF Monterrey Comisi\u00f3n de Protecci\u00f3n para ni\u00f1as, ni\u00f1os y adolescentes"},"content":{"rendered":"\n<p>El Sistema DIF Monterrey realiz\u00f3 la primera sesi\u00f3n de trabajo de la Comisi\u00f3n de Medidas Especiales de Protecci\u00f3n del Sistema Integral de Protecci\u00f3n de las Ni\u00f1as, Ni\u00f1os y Adolescentes (SIPINNA).<\/p>\n\n\n\n<p>La presidenta de DIF municipal, Gaby Oyervides y la Comisaria en Jefa de Prevenci\u00f3n de la Violencia y Protecci\u00f3n Ciudadana, Mayra Elena Hern\u00e1ndez Maciel, encabezaron la reuni\u00f3n para establecer la agenda de trabajo enfocada en la atenci\u00f3n de las infancias.<\/p>\n\n\n\n<figure class=\"wp-block-image size-large\"><img loading=\"lazy\" decoding=\"async\" width=\"938\" height=\"1024\" src=\"https:\/\/diariodigitalmx.com\/wp-content\/uploads\/2025\/02\/IMG-20250212-WA0076-938x1024.jpg\" alt=\"\" class=\"wp-image-131062\" srcset=\"https:\/\/diariodigitalmx.com\/wp-content\/uploads\/2025\/02\/IMG-20250212-WA0076-938x1024.jpg 938w, https:\/\/diariodigitalmx.com\/wp-content\/uploads\/2025\/02\/IMG-20250212-WA0076-275x300.jpg 275w, https:\/\/diariodigitalmx.com\/wp-content\/uploads\/2025\/02\/IMG-20250212-WA0076-768x839.jpg 768w, https:\/\/diariodigitalmx.com\/wp-content\/uploads\/2025\/02\/IMG-20250212-WA0076.jpg 1172w\" sizes=\"(max-width: 938px) 100vw, 938px\" \/><\/figure>\n\n\n\n<p>\u201cEsta es una de las comisiones m\u00e1s importantes porque se trata de las medidas especiales de protecci\u00f3n para asegurar el bienestar de las ni\u00f1as, ni\u00f1os y adolescentes\u201d, coment\u00f3 la presidenta del DIF Monterrey y Vicepresidenta del SIPINNA.<\/p>\n\n\n\n<p>\u201cHemos establecido las l\u00edneas de acci\u00f3n y van a estar enlazadas con el Gobierno de Monterrey para dar mejores resultados mediante un entorno seguro; estamos trabajando en los programas de reconstrucci\u00f3n del tejido social para homologar los protocolos de investigaci\u00f3n y protecci\u00f3n\u201d.\u00a0<\/p>\n\n\n\n<figure class=\"wp-block-image size-large\"><img loading=\"lazy\" decoding=\"async\" width=\"1024\" height=\"624\" src=\"https:\/\/diariodigitalmx.com\/wp-content\/uploads\/2025\/02\/IMG-20250212-WA0075-1024x624.jpg\" alt=\"\" class=\"wp-image-131063\" srcset=\"https:\/\/diariodigitalmx.com\/wp-content\/uploads\/2025\/02\/IMG-20250212-WA0075-1024x624.jpg 1024w, https:\/\/diariodigitalmx.com\/wp-content\/uploads\/2025\/02\/IMG-20250212-WA0075-300x183.jpg 300w, https:\/\/diariodigitalmx.com\/wp-content\/uploads\/2025\/02\/IMG-20250212-WA0075-768x468.jpg 768w, https:\/\/diariodigitalmx.com\/wp-content\/uploads\/2025\/02\/IMG-20250212-WA0075-1536x936.jpg 1536w, https:\/\/diariodigitalmx.com\/wp-content\/uploads\/2025\/02\/IMG-20250212-WA0075.jpg 1600w\" sizes=\"(max-width: 1024px) 100vw, 1024px\" \/><\/figure>\n\n\n\n<p>&nbsp;La comisi\u00f3n tendr\u00e1 a su cargo la protecci\u00f3n integral y promoci\u00f3n de medidas contra el uso y explotaci\u00f3n de ni\u00f1as y ni\u00f1os, y que no sean sujetos a trabajo que pueda ser peligrosos o de riesgo; fomentar acciones preventivas de explotaci\u00f3n sexual, venta o tr\u00e1fico, as\u00ed como protegerles contra el maltrato, abuso, entre otros.<\/p>\n\n\n\n<p>Adem\u00e1s de coadyuvar con las autoridades en materia de justicia penal para adolescentes y en materia de justicia restaurativa; tambi\u00e9n deber\u00e1 fomentar la convivencia de la familia con adolescentes que se encuentren privados de su libertad; as\u00ed como brindarles acceso a la asistencia jur\u00eddica.<\/p>\n\n\n\n<p>&nbsp;Agreg\u00f3 que el Sistema DIF Municipal trabaja en fortalecer el \u00e1rea de asistencia social, y la Defensor\u00eda Municipal encargada de la atenci\u00f3n integral de las infancias, porque son el primer contacto con la comunidad.<\/p>\n\n\n\n<p>\u201cEl compromiso es fortalecer a la familia y estamos trabajando en eso junto con el alcalde, tenemos todo el apoyo y con este gran equipo vamos a lograr muchos cambios y grandes resultados\u201d, concluy\u00f3.<\/p>\n\n\n\n<p>La Defensor\u00eda Municipal ha atendido satisfactoriamente 23 casos implicados con abusos, maltrato y vulneraci\u00f3n de derechos de infancias.<\/p>\n\n\n\n<p>&nbsp;La Comisi\u00f3n de Protecci\u00f3n del SIPINNA est\u00e1 integrada por X\u00f3chitl Loredo Salazar, Directora del DIF Monterrey; Liliana Alejandra Barrera L\u00f3pez, Directora de Estancias y Familia; Gabriel Ayala Salazar, Secretario Ejecutivo; Epigmenio Garza Villarreal, Director de Justicia C\u00edvica; Maday Frinee Cant\u00fa Cant\u00fa, Directora General del Instituto de la Juventud Regia; y por Wendy Maricela Cordero Gonz\u00e1lez, Directora General del Instituto de las Mujeres Regias.<\/p>\n\n\n\n<p>Tambi\u00e9n forman parte Claudia de Jes\u00fas Mu\u00f1oz Rodr\u00edguez, Defensora Municipal; Juan Manuel Soto Garc\u00eda, Director de Gobierno Digital; Rafael Cienfuegos Carranco, Fiscal Especializado en Adolescentes; Hugo Camacho, Director de Telar AC; Ang\u00e9lica Mar\u00eda Elizondo Riojas, Directora General de RENACE ABP; Melody Garza, Representante de Padrinos Nuevo Le\u00f3n ABP y Laura Trevi\u00f1o del \u00e1rea de acompa\u00f1amiento CADHAC.<\/p>\n","protected":false},"excerpt":{"rendered":"<p>El Sistema DIF Monterrey realiz\u00f3 la primera sesi\u00f3n de trabajo de la Comisi\u00f3n de Medidas Especiales de Protecci\u00f3n del Sistema Integral de Protecci\u00f3n de las Ni\u00f1as, Ni\u00f1os y Adolescentes (SIPINNA). La presidenta de DIF municipal, Gaby Oyervides y la Comisaria en Jefa de Prevenci\u00f3n de la Violencia y Protecci\u00f3n Ciudadana, Mayra Elena Hern\u00e1ndez Maciel, encabezaron [&hellip;]<\/p>\n","protected":false},"author":1,"featured_media":131060,"comment_status":"open","ping_status":"open","sticky":true,"template":"","format":"standard","meta":{"footnotes":""},"categories":[14,6],"tags":[],"_links":{"self":[{"href":"https:\/\/diariodigitalmx.com\/index.php\/wp-json\/wp\/v2\/posts\/131058"}],"collection":[{"href":"https:\/\/diariodigitalmx.com\/index.php\/wp-json\/wp\/v2\/posts"}],"about":[{"href":"https:\/\/diariodigitalmx.com\/index.php\/wp-json\/wp\/v2\/types\/post"}],"author":[{"embeddable":true,"href":"https:\/\/diariodigitalmx.com\/index.php\/wp-json\/wp\/v2\/users\/1"}],"replies":[{"embeddable":true,"href":"https:\/\/diariodigitalmx.com\/index.php\/wp-json\/wp\/v2\/comments?post=131058"}],"version-history":[{"count":2,"href":"https:\/\/diariodigitalmx.com\/index.php\/wp-json\/wp\/v2\/posts\/131058\/revisions"}],"predecessor-version":[{"id":131064,"href":"https:\/\/diariodigitalmx.com\/index.php\/wp-json\/wp\/v2\/posts\/131058\/revisions\/131064"}],"wp:featuredmedia":[{"embeddable":true,"href":"https:\/\/diariodigitalmx.com\/index.php\/wp-json\/wp\/v2\/media\/131060"}],"wp:attachment":[{"href":"https:\/\/diariodigitalmx.com\/index.php\/wp-json\/wp\/v2\/media?parent=131058"}],"wp:term":[{"taxonomy":"category","embeddable":true,"href":"https:\/\/diariodigitalmx.com\/index.php\/wp-json\/wp\/v2\/categories?post=131058"},{"taxonomy":"post_tag","embeddable":true,"href":"https:\/\/diariodigitalmx.com\/index.php\/wp-json\/wp\/v2\/tags?post=131058"}],"curies":[{"name":"wp","href":"https:\/\/api.w.org\/{rel}","templated":true}]}}