{"id":131088,"date":"2025-02-13T08:53:47","date_gmt":"2025-02-13T14:53:47","guid":{"rendered":"https:\/\/diariodigitalmx.com\/?p=131088"},"modified":"2025-02-13T08:59:08","modified_gmt":"2025-02-13T14:59:08","slug":"en-donde-quedo-el-sentido-comun","status":"publish","type":"post","link":"https:\/\/diariodigitalmx.com\/index.php\/2025\/02\/13\/en-donde-quedo-el-sentido-comun\/","title":{"rendered":"\u00bfEn d\u00f3nde qued\u00f3 el sentido com\u00fan?"},"content":{"rendered":"\n<p>Luz Mar\u00eda Ortiz Quintos <\/p>\n\n\n\n<p>De acuerdo a la Real Academia de la Lengua Espa\u00f1ola la definici\u00f3n de sentido \u201cson los conocimientos y las creencias compartidos por una comunidad y considerados como prudentes, l\u00f3gicos o v\u00e1lidos. Se trata de la capacidad natural de juzgar los acontecimientos y eventos de forma razonable.\u201d<\/p>\n\n\n\n<p>En estos tiempos es muy com\u00fan convivir sin sentido com\u00fan, ya no seguimos las reglas de convivencia que nos forman para tener un buen comportamiento, nos ense\u00f1an a vivir en paz y armon\u00eda. Otro tipo de normas que no se respetan son las reglas de etiqueta, tambi\u00e9n conocidas como buenos modales, los cuales indican formas de vestir de acuerdo al lugar o al evento que asistimos por mencionar un ejemplo.&nbsp;<\/p>\n\n\n\n<p>Lo que hoy predomina es la falta de valores y virtudes con las que vivimos. Hemos fallado con las nuevas generaciones, no supimos ser ejemplo, ense\u00f1ar a nuestros hijos el discernimiento entre lo bueno y lo malo, ca\u00edmos en la cultura del relativismo, esto se refiere a que nada es bueno, nada es malo. Modas impuestas a conveniencia de los intereses econ\u00f3micos de unos cuantos. Estamos inmersos en una crisis moral que va aumentando. En las relaciones interpersonales vemos la ausencia de comportamientos basados en lo moral, lo justo, lo \u00e9tico, lo sobrio, lo razonable, estamos siendo llevados por modelos de conductas sin estar conscientes que lo \u00fanico que han logrado es la deshumanizaci\u00f3n, el ego\u00edsmo, el enga\u00f1o, la traici\u00f3n y la mentira.&nbsp;<\/p>\n\n\n\n<p>Gracias a esto, tambi\u00e9n se han generado en las personas enfermedades y trastornos psicol\u00f3gicos que desencadenan depresi\u00f3n, el suicidio, los vicios, consumo de drogas, alcohol, pornograf\u00eda, etc.<\/p>\n\n\n\n<p>El ser humano se va alejando cada vez m\u00e1s de un concepto de persona integral, que comprende mente, cuerpo y alma.<\/p>\n\n\n\n<p>La educaci\u00f3n de la persona no solamente es en el \u00e1rea acad\u00e9mica de conocimientos cient\u00edficos, se ha dejado de lado o se han olvidado por completo los conocimientos teol\u00f3gicos, psicol\u00f3gicos, antropol\u00f3gicos, filos\u00f3ficos que ayudan a comprender a la persona su sentido de trascendencia. Y con estos \u00faltimos, educamos la mente y el alma.<\/p>\n\n\n\n<p>Lo m\u00e1s importante; hemos dejado de lado el pensamiento cr\u00edtico, aquel que nos permite tener un criterio propio de acuerdo a nuestros conocimientos y experiencias.<\/p>\n\n\n\n<p>Pap\u00e1s, despertemos. En tu interior existe una voz que te dirige y hace sentir cuando vas por buen camino, atr\u00e9vete a seguirla.<\/p>\n","protected":false},"excerpt":{"rendered":"<p>Luz Mar\u00eda Ortiz Quintos De acuerdo a la Real Academia de la Lengua Espa\u00f1ola la definici\u00f3n de sentido \u201cson los conocimientos y las creencias compartidos por una comunidad y considerados como prudentes, l\u00f3gicos o v\u00e1lidos. Se trata de la capacidad natural de juzgar los acontecimientos y eventos de forma razonable.\u201d En estos tiempos es muy [&hellip;]<\/p>\n","protected":false},"author":1,"featured_media":130617,"comment_status":"open","ping_status":"open","sticky":true,"template":"","format":"standard","meta":{"footnotes":""},"categories":[12,5],"tags":[],"_links":{"self":[{"href":"https:\/\/diariodigitalmx.com\/index.php\/wp-json\/wp\/v2\/posts\/131088"}],"collection":[{"href":"https:\/\/diariodigitalmx.com\/index.php\/wp-json\/wp\/v2\/posts"}],"about":[{"href":"https:\/\/diariodigitalmx.com\/index.php\/wp-json\/wp\/v2\/types\/post"}],"author":[{"embeddable":true,"href":"https:\/\/diariodigitalmx.com\/index.php\/wp-json\/wp\/v2\/users\/1"}],"replies":[{"embeddable":true,"href":"https:\/\/diariodigitalmx.com\/index.php\/wp-json\/wp\/v2\/comments?post=131088"}],"version-history":[{"count":2,"href":"https:\/\/diariodigitalmx.com\/index.php\/wp-json\/wp\/v2\/posts\/131088\/revisions"}],"predecessor-version":[{"id":131092,"href":"https:\/\/diariodigitalmx.com\/index.php\/wp-json\/wp\/v2\/posts\/131088\/revisions\/131092"}],"wp:featuredmedia":[{"embeddable":true,"href":"https:\/\/diariodigitalmx.com\/index.php\/wp-json\/wp\/v2\/media\/130617"}],"wp:attachment":[{"href":"https:\/\/diariodigitalmx.com\/index.php\/wp-json\/wp\/v2\/media?parent=131088"}],"wp:term":[{"taxonomy":"category","embeddable":true,"href":"https:\/\/diariodigitalmx.com\/index.php\/wp-json\/wp\/v2\/categories?post=131088"},{"taxonomy":"post_tag","embeddable":true,"href":"https:\/\/diariodigitalmx.com\/index.php\/wp-json\/wp\/v2\/tags?post=131088"}],"curies":[{"name":"wp","href":"https:\/\/api.w.org\/{rel}","templated":true}]}}