{"id":131096,"date":"2025-02-13T20:15:31","date_gmt":"2025-02-14T02:15:31","guid":{"rendered":"https:\/\/diariodigitalmx.com\/?p=131096"},"modified":"2025-02-13T20:21:12","modified_gmt":"2025-02-14T02:21:12","slug":"28-de-febrero-fecha-limite-de-inscripcion-al-programa-especial-de-energia-para-el-campo","status":"publish","type":"post","link":"https:\/\/diariodigitalmx.com\/index.php\/2025\/02\/13\/28-de-febrero-fecha-limite-de-inscripcion-al-programa-especial-de-energia-para-el-campo\/","title":{"rendered":"28 de febrero, fecha l\u00edmite de inscripci\u00f3n al Programa Especial de Energ\u00eda para el campo"},"content":{"rendered":"\n<p><\/p>\n\n\n\n<p>\u25cf&nbsp;&nbsp;&nbsp;&nbsp;&nbsp;&nbsp;&nbsp;&nbsp;A 15 d\u00edas de cumplir el plazo para acudir a las ventanillas de atenci\u00f3n de los 32 estados y la regi\u00f3n Lagunera, AGRICULTURA y Conagua hacen un llamado a las y los productores a acudir a su m\u00f3dulo m\u00e1s cercano&nbsp;<\/p>\n\n\n\n<p>\u25cf&nbsp;&nbsp;&nbsp;&nbsp;&nbsp;&nbsp;&nbsp;&nbsp;El tr\u00e1mite es gratuito, individual y sin intermediarios y, por tanto, ninguna persona o instituci\u00f3n pueden condicionar el acceso a este programa<\/p>\n\n\n\n<p>La Secretar\u00eda de Agricultura y Desarrollo Rural, a trav\u00e9s de las Oficinas de Representaci\u00f3n en las Entidades Federativas (OREF), y la Comisi\u00f3n Nacional del Agua (Conagua) informan que, el 28 de febrero es la fecha l\u00edmite para la reinscripci\u00f3n al Programa Especial de Energ\u00eda para el Campo en materia de Energ\u00eda El\u00e9ctrica para Uso Agr\u00edcola (PEUA).<\/p>\n\n\n\n<figure class=\"wp-block-gallery has-nested-images columns-default is-cropped wp-block-gallery-1 is-layout-flex wp-block-gallery-is-layout-flex\">\n<figure class=\"wp-block-image size-large\"><img loading=\"lazy\" decoding=\"async\" width=\"1024\" height=\"683\" data-id=\"131099\" src=\"https:\/\/diariodigitalmx.com\/wp-content\/uploads\/2025\/02\/XQ3Ntf7w-1024x683.jpeg\" alt=\"\" class=\"wp-image-131099\" srcset=\"https:\/\/diariodigitalmx.com\/wp-content\/uploads\/2025\/02\/XQ3Ntf7w-1024x683.jpeg 1024w, https:\/\/diariodigitalmx.com\/wp-content\/uploads\/2025\/02\/XQ3Ntf7w-300x200.jpeg 300w, https:\/\/diariodigitalmx.com\/wp-content\/uploads\/2025\/02\/XQ3Ntf7w-768x512.jpeg 768w, https:\/\/diariodigitalmx.com\/wp-content\/uploads\/2025\/02\/XQ3Ntf7w-1536x1024.jpeg 1536w, https:\/\/diariodigitalmx.com\/wp-content\/uploads\/2025\/02\/XQ3Ntf7w-2048x1365.jpeg 2048w\" sizes=\"(max-width: 1024px) 100vw, 1024px\" \/><\/figure>\n\n\n\n<figure class=\"wp-block-image size-large\"><img loading=\"lazy\" decoding=\"async\" width=\"1024\" height=\"683\" data-id=\"131100\" src=\"https:\/\/diariodigitalmx.com\/wp-content\/uploads\/2025\/02\/CzvZzH1g-1024x683.jpeg\" alt=\"\" class=\"wp-image-131100\" srcset=\"https:\/\/diariodigitalmx.com\/wp-content\/uploads\/2025\/02\/CzvZzH1g-1024x683.jpeg 1024w, https:\/\/diariodigitalmx.com\/wp-content\/uploads\/2025\/02\/CzvZzH1g-300x200.jpeg 300w, https:\/\/diariodigitalmx.com\/wp-content\/uploads\/2025\/02\/CzvZzH1g-768x512.jpeg 768w, https:\/\/diariodigitalmx.com\/wp-content\/uploads\/2025\/02\/CzvZzH1g-1536x1024.jpeg 1536w, https:\/\/diariodigitalmx.com\/wp-content\/uploads\/2025\/02\/CzvZzH1g-2048x1365.jpeg 2048w\" sizes=\"(max-width: 1024px) 100vw, 1024px\" \/><\/figure>\n<\/figure>\n\n\n\n<p>Agricultura y la Conagua hacen un recordatorio a las productoras y los productores para que acudan a tramitar este subsidio que busca fomentar la productividad y el desarrollo de las actividades agropecuarias de manera sustentable.<\/p>\n\n\n\n<p>La medida tambi\u00e9n contribuye al bienestar de las y los agricultores como parte de la pol\u00edtica para el campo en el Segundo Piso de la Cuarta Transformaci\u00f3n. Esto va de la mano con el compromiso de la Presidenta de la Rep\u00fablica, Claudia Sheinbaum Pardo, de incrementar la producci\u00f3n de alimentos y alcanzar la soberan\u00eda alimentaria en nuestro pa\u00eds, es decir, garantizar el derecho constitucional a la alimentaci\u00f3n nutritiva, suficiente y de calidad para toda la poblaci\u00f3n mexicana.&nbsp;<\/p>\n\n\n\n<p>Hasta el momento se tiene un avance del 60 por ciento de los 89 mil 882 derechohabientes registrados en el Padr\u00f3n \u00danico del PEUA, que va dirigido a quienes emplean energ\u00eda el\u00e9ctrica en el bombeo y rebombeo de agua para el riego agr\u00edcola<\/p>\n","protected":false},"excerpt":{"rendered":"<p>\u25cf&nbsp;&nbsp;&nbsp;&nbsp;&nbsp;&nbsp;&nbsp;&nbsp;A 15 d\u00edas de cumplir el plazo para acudir a las ventanillas de atenci\u00f3n de los 32 estados y la regi\u00f3n Lagunera, AGRICULTURA y Conagua hacen un llamado a las y los productores a acudir a su m\u00f3dulo m\u00e1s cercano&nbsp; \u25cf&nbsp;&nbsp;&nbsp;&nbsp;&nbsp;&nbsp;&nbsp;&nbsp;El tr\u00e1mite es gratuito, individual y sin intermediarios y, por tanto, ninguna persona o instituci\u00f3n [&hellip;]<\/p>\n","protected":false},"author":1,"featured_media":131098,"comment_status":"open","ping_status":"open","sticky":true,"template":"","format":"standard","meta":{"footnotes":""},"categories":[14,2],"tags":[],"_links":{"self":[{"href":"https:\/\/diariodigitalmx.com\/index.php\/wp-json\/wp\/v2\/posts\/131096"}],"collection":[{"href":"https:\/\/diariodigitalmx.com\/index.php\/wp-json\/wp\/v2\/posts"}],"about":[{"href":"https:\/\/diariodigitalmx.com\/index.php\/wp-json\/wp\/v2\/types\/post"}],"author":[{"embeddable":true,"href":"https:\/\/diariodigitalmx.com\/index.php\/wp-json\/wp\/v2\/users\/1"}],"replies":[{"embeddable":true,"href":"https:\/\/diariodigitalmx.com\/index.php\/wp-json\/wp\/v2\/comments?post=131096"}],"version-history":[{"count":2,"href":"https:\/\/diariodigitalmx.com\/index.php\/wp-json\/wp\/v2\/posts\/131096\/revisions"}],"predecessor-version":[{"id":131101,"href":"https:\/\/diariodigitalmx.com\/index.php\/wp-json\/wp\/v2\/posts\/131096\/revisions\/131101"}],"wp:featuredmedia":[{"embeddable":true,"href":"https:\/\/diariodigitalmx.com\/index.php\/wp-json\/wp\/v2\/media\/131098"}],"wp:attachment":[{"href":"https:\/\/diariodigitalmx.com\/index.php\/wp-json\/wp\/v2\/media?parent=131096"}],"wp:term":[{"taxonomy":"category","embeddable":true,"href":"https:\/\/diariodigitalmx.com\/index.php\/wp-json\/wp\/v2\/categories?post=131096"},{"taxonomy":"post_tag","embeddable":true,"href":"https:\/\/diariodigitalmx.com\/index.php\/wp-json\/wp\/v2\/tags?post=131096"}],"curies":[{"name":"wp","href":"https:\/\/api.w.org\/{rel}","templated":true}]}}