{"id":131102,"date":"2025-02-13T20:48:22","date_gmt":"2025-02-14T02:48:22","guid":{"rendered":"https:\/\/diariodigitalmx.com\/?p=131102"},"modified":"2025-02-13T20:57:09","modified_gmt":"2025-02-14T02:57:09","slug":"muere-en-el-pico-de-orizaba-alpinista-regio","status":"publish","type":"post","link":"https:\/\/diariodigitalmx.com\/index.php\/2025\/02\/13\/muere-en-el-pico-de-orizaba-alpinista-regio\/","title":{"rendered":"Muere en el Pico de Orizaba alpinista regio"},"content":{"rendered":"\n<figure class=\"wp-block-image size-full\"><img loading=\"lazy\" decoding=\"async\" width=\"325\" height=\"176\" src=\"https:\/\/diariodigitalmx.com\/wp-content\/uploads\/2025\/02\/IMG-20250213-WA00252.jpg\" alt=\"\" class=\"wp-image-131106\" srcset=\"https:\/\/diariodigitalmx.com\/wp-content\/uploads\/2025\/02\/IMG-20250213-WA00252.jpg 325w, https:\/\/diariodigitalmx.com\/wp-content\/uploads\/2025\/02\/IMG-20250213-WA00252-300x162.jpg 300w\" sizes=\"(max-width: 325px) 100vw, 325px\" \/><\/figure>\n\n\n\n<p>El alpinista y ciclista regiomontano David Ernesto Villareal P\u00e9rez de 27 a\u00f1os de edad perdi\u00f3 la vida al descender en una bicicleta en la cara norte del Pico de Orizaba en Puebla, con el fin de intentar grabar un reto.&nbsp;<\/p>\n\n\n\n<p>El accidente se registr\u00f3 la tarde del mi\u00e9rcoles, cuando las autoridades recibieron una llamada al 911 para ayudar a que David Ernesto Villareal quien sufri\u00f3 una ca\u00edda de la bicicleta que lo dej\u00f3 malherido y a\u00fan contaba con signos vitales. Cuando llegaron los rescatistas a\u00fan estaba con vida, pero muri\u00f3 durante el descenso.<\/p>\n\n\n\n<p>Brandon Arturo amigo del regiomontano result\u00f3 con algunas heridas leves y fue quien hizo la llamada de auxilio.<\/p>\n\n\n\n<figure class=\"wp-block-image size-full\"><img loading=\"lazy\" decoding=\"async\" width=\"720\" height=\"735\" src=\"https:\/\/diariodigitalmx.com\/wp-content\/uploads\/2025\/02\/Screenshot_20250213_205152_Facebook.jpg\" alt=\"\" class=\"wp-image-131107\" srcset=\"https:\/\/diariodigitalmx.com\/wp-content\/uploads\/2025\/02\/Screenshot_20250213_205152_Facebook.jpg 720w, https:\/\/diariodigitalmx.com\/wp-content\/uploads\/2025\/02\/Screenshot_20250213_205152_Facebook-294x300.jpg 294w\" sizes=\"(max-width: 720px) 100vw, 720px\" \/><\/figure>\n\n\n\n<p>Villarreal y su acompa\u00f1ante subieron por sus propios medios hasta un punto del volc\u00e1n conocido como \u201cCumbre\u201d, un \u00e1rea de dif\u00edcil acceso y de terreno accidentado,<\/p>\n\n\n\n<p>&nbsp;\u201cEs preciso mencionar, que el \u00e1rea del percance es de dif\u00edcil acceso, y de terreno accidentado, aunado a las condiciones climatol\u00f3gicas complicadas a esa altura, lo que hizo m\u00e1s dif\u00edcil la maniobra de rescate e imposibilit\u00f3 el uso del helic\u00f3ptero, por lo que, las tareas se realizaron v\u00eda terrestre\u201d, inform\u00f3 el gobierno de Puebla en un comunicado.<\/p>\n\n\n\n<p>&nbsp;\u201cTrabajaron elementos del Grupo Socorro Alpino, delegaci\u00f3n San Miguel Zoapan, gu\u00edas y prestadores de servicios de la zona, as\u00ed como la brigada de rescatistas de protecci\u00f3n civil, quienes realizaron el ascenso para la b\u00fasqueda y auxilio de los alpinistas, adem\u00e1s, se cont\u00f3 con el apoyo del Sistema de Urgencias M\u00e9dicas Avanzadas (SUMA)\u201d, abunda la informaci\u00f3n.&nbsp;<\/p>\n\n\n\n<p>David Ernesto Villarreal&nbsp;practicaba el alpinismo y el ciclismo, y sub\u00eda sus historias que inclu\u00edan viajes, a diversas plataformas digitales como Instagram y You Tube<br><br>&#8220;Querido David, vuelta alto, sabes que te queremos y siempre estar\u00e1s en nuestros corazones, siempre feliz, siempre libre, siempre sin miedo, siempre haciendo lo que m\u00e1s te gustaba sin preocuparte de lo que los dem\u00e1s pensaran.<br><br>&#8220;Siempre pensando en grande. siempre aut\u00e9ntico, Dios est\u00e1 de fiesta por recibirte con los brazos abiertos. Buen viaje. Te amamos&#8221;, escribi\u00f3 su padre Ernesto Villarreal.<\/p>\n","protected":false},"excerpt":{"rendered":"<p>El alpinista y ciclista regiomontano David Ernesto Villareal P\u00e9rez de 27 a\u00f1os de edad perdi\u00f3 la vida al descender en una bicicleta en la cara norte del Pico de Orizaba en Puebla, con el fin de intentar grabar un reto.&nbsp; El accidente se registr\u00f3 la tarde del mi\u00e9rcoles, cuando las autoridades recibieron una llamada al [&hellip;]<\/p>\n","protected":false},"author":1,"featured_media":131104,"comment_status":"open","ping_status":"open","sticky":true,"template":"","format":"standard","meta":{"footnotes":""},"categories":[6,3,5],"tags":[],"_links":{"self":[{"href":"https:\/\/diariodigitalmx.com\/index.php\/wp-json\/wp\/v2\/posts\/131102"}],"collection":[{"href":"https:\/\/diariodigitalmx.com\/index.php\/wp-json\/wp\/v2\/posts"}],"about":[{"href":"https:\/\/diariodigitalmx.com\/index.php\/wp-json\/wp\/v2\/types\/post"}],"author":[{"embeddable":true,"href":"https:\/\/diariodigitalmx.com\/index.php\/wp-json\/wp\/v2\/users\/1"}],"replies":[{"embeddable":true,"href":"https:\/\/diariodigitalmx.com\/index.php\/wp-json\/wp\/v2\/comments?post=131102"}],"version-history":[{"count":2,"href":"https:\/\/diariodigitalmx.com\/index.php\/wp-json\/wp\/v2\/posts\/131102\/revisions"}],"predecessor-version":[{"id":131108,"href":"https:\/\/diariodigitalmx.com\/index.php\/wp-json\/wp\/v2\/posts\/131102\/revisions\/131108"}],"wp:featuredmedia":[{"embeddable":true,"href":"https:\/\/diariodigitalmx.com\/index.php\/wp-json\/wp\/v2\/media\/131104"}],"wp:attachment":[{"href":"https:\/\/diariodigitalmx.com\/index.php\/wp-json\/wp\/v2\/media?parent=131102"}],"wp:term":[{"taxonomy":"category","embeddable":true,"href":"https:\/\/diariodigitalmx.com\/index.php\/wp-json\/wp\/v2\/categories?post=131102"},{"taxonomy":"post_tag","embeddable":true,"href":"https:\/\/diariodigitalmx.com\/index.php\/wp-json\/wp\/v2\/tags?post=131102"}],"curies":[{"name":"wp","href":"https:\/\/api.w.org\/{rel}","templated":true}]}}