{"id":131130,"date":"2025-02-14T14:02:53","date_gmt":"2025-02-14T20:02:53","guid":{"rendered":"https:\/\/diariodigitalmx.com\/?p=131130"},"modified":"2025-02-14T14:03:41","modified_gmt":"2025-02-14T20:03:41","slug":"minorias-no-representativas","status":"publish","type":"post","link":"https:\/\/diariodigitalmx.com\/index.php\/2025\/02\/14\/minorias-no-representativas\/","title":{"rendered":"Minor\u00edas no representativas\u2026"},"content":{"rendered":"\n<p>Cosas del Tony<\/p>\n\n\n\n<p>Por: Antonio S\u00e1nchez R.<\/p>\n\n\n\n<p><\/p>\n\n\n\n<p>&nbsp;&nbsp;&nbsp;&nbsp;&nbsp;&nbsp;&nbsp;&nbsp;&nbsp;&nbsp; El sistema pol\u00edtico mexicano ha propiciado la existencia de grup\u00fasculos de muy reducida o hasta casi nula influencia, que apuestan su permanencia a frecuentes golpes medi\u00e1ticos, a trav\u00e9s de los cuales hacen suponer que tales organismos \u201ctrabajan\u201d en la defensa de las causas populares.<\/p>\n\n\n\n<p>Las reformas constantes a la legislaci\u00f3n en materia electoral, espec\u00edficamente en el rengl\u00f3n de organizaciones pol\u00edticas, son dirigidas a darle un cariz de democracia a la participaci\u00f3n de una representaci\u00f3n de car\u00e1cter \u201cproporcional\u201d, ocupando espacios que finalmente significan un costo que impacta al erario p\u00fablico, sin que al final de cuentas redunde en beneficio alguno, salvo para quienes dirigen tales organismos mal llamados partidos.<\/p>\n\n\n\n<p>&nbsp;&nbsp;&nbsp;&nbsp;&nbsp;&nbsp;&nbsp;&nbsp;&nbsp;&nbsp; No es un secreto para nadie que en los \u00faltimos a\u00f1os uno de los mejores negocios, por las escasa o nula inversi\u00f3n en met\u00e1lico que se realiza, es la \u201cfundaci\u00f3n\u201d de partidos pol\u00edticos, actividad en la que algunos vividores del presupuesto se han enquistado tan inteligentemente que, gracias a la f\u00f3rmula infalible de golpetear a los gobernantes en turno, se han podido mantener y navegar en aguas tranquilas, para ellos.<\/p>\n\n\n\n<p>&nbsp;&nbsp;&nbsp;&nbsp;&nbsp;&nbsp;&nbsp;&nbsp;&nbsp;&nbsp; La problem\u00e1tica social existente es por excelencia el caldo de cultivo ad hoc para el medro y la rampante convivencia de organizaciones pol\u00edticas surgidas de las llamadas minor\u00edas, a las que se les lleg\u00f3 a etiquetar como la \u201cchiquillada\u201d, adjetivo al que hacen honor cuando como verdaderos \u201cpeques\u201d se \u201cencamprinchan\u201d y se le ponen a las patadas a \u201cpap\u00e1 gobierno\u201d por cualquier motivo.<\/p>\n\n\n\n<p>&nbsp;&nbsp;&nbsp;&nbsp;&nbsp;&nbsp;&nbsp;&nbsp;&nbsp;&nbsp; La desaparici\u00f3n de las minor\u00edas que no representan a nadie y a las cuales se premia su no representatividad con curules, espacios y recursos, acabar\u00eda de golpe y porrazo con la figura de la llamada \u201crepresentaci\u00f3n proporcional\u201d en los cabildos y congresos local y federal, reduci\u00e9ndose autom\u00e1ticamente a s\u00f3lo 300 diputados federales y 64 senadores en el Congreso de la Uni\u00f3n y a 26 diputados en el plano local. O sea, en ambos casos, el presupuesto se reducir\u00eda pr\u00e1cticamente en un 40 por ciento y los recursos derivados de ese ahorro podr\u00edan ser utilizados en obras y programas de beneficio para la poblaci\u00f3n.<\/p>\n\n\n\n<p>&nbsp;&nbsp;&nbsp;&nbsp;&nbsp;&nbsp;&nbsp;&nbsp;&nbsp;&nbsp; Mire usted, la actividad legislativa es importante para un estado, para un pa\u00eds, pero es una falacia que para \u201cmejorar\u201d dicha labor sea necesario incrementar el n\u00famero de legisladores. Es m\u00e1s, est\u00e1 comprobado que a partir de que se increment\u00f3 a 500 el n\u00famero de curules en el Congreso Federal, el rezago legislativo se ha convertido en el lastre m\u00e1s gravoso de los \u00faltimos tiempos. A nivel estatal la realidad es paralela a la existente a nivel nacional.<\/p>\n\n\n\n<p>&nbsp;&nbsp;&nbsp;&nbsp;&nbsp;&nbsp;&nbsp;&nbsp;&nbsp;&nbsp; Creo que es tiempo de que partidos pol\u00edticos, organismos no gubernamentales, en conjunto con la ciudadan\u00eda y con las mismas instancias electorales, hagan un alto y a la vez un an\u00e1lisis retrospectivo acerca de la rentabilidad que ha significado tener cuerpos legislativos tan numerosos a la vez que inefectivos en t\u00e9rminos generales, dado el rezago en el que se encuentra inmerso el Congreso de la Uni\u00f3n.<\/p>\n\n\n\n<p>&nbsp;&nbsp;&nbsp;&nbsp;&nbsp;&nbsp;&nbsp;&nbsp;&nbsp;&nbsp; Y no s\u00f3lo se debe analizar la inoperatividad de la legislatura, sino tambi\u00e9n el alto costo, el oneroso presupuesto que se destina a un cuerpo legislativo que, proporcionalmente hablando, ofrece magros resultados para lo caro que cuesta su sostenimiento.<\/p>\n\n\n\n<p>Si se hace un balance entre la promulgaci\u00f3n de nuevas leyes, decretos e iniciativas de reforma que se producen en los dos per\u00edodos legislativos anuales y el presupuesto que se gasta en ese a\u00f1o legislativo, obtendr\u00edamos como resultado un aberrante y escandaloso despilfarro de recursos p\u00fablicos. Urge, s\u00ed, una reforma, pero una verdadera reforma que nos permita tener un poder legislativo m\u00e1s efectivo y menos caro, \u00bfno creen?<\/p>\n\n\n\n<p>Pasen un muy feliz d\u00eda y \u00a1que vivan el amor y la amistad!<\/p>\n","protected":false},"excerpt":{"rendered":"<p>Cosas del Tony Por: Antonio S\u00e1nchez R. &nbsp;&nbsp;&nbsp;&nbsp;&nbsp;&nbsp;&nbsp;&nbsp;&nbsp;&nbsp; El sistema pol\u00edtico mexicano ha propiciado la existencia de grup\u00fasculos de muy reducida o hasta casi nula influencia, que apuestan su permanencia a frecuentes golpes medi\u00e1ticos, a trav\u00e9s de los cuales hacen suponer que tales organismos \u201ctrabajan\u201d en la defensa de las causas populares. Las reformas constantes [&hellip;]<\/p>\n","protected":false},"author":1,"featured_media":130593,"comment_status":"open","ping_status":"open","sticky":true,"template":"","format":"standard","meta":{"footnotes":""},"categories":[14,12],"tags":[],"_links":{"self":[{"href":"https:\/\/diariodigitalmx.com\/index.php\/wp-json\/wp\/v2\/posts\/131130"}],"collection":[{"href":"https:\/\/diariodigitalmx.com\/index.php\/wp-json\/wp\/v2\/posts"}],"about":[{"href":"https:\/\/diariodigitalmx.com\/index.php\/wp-json\/wp\/v2\/types\/post"}],"author":[{"embeddable":true,"href":"https:\/\/diariodigitalmx.com\/index.php\/wp-json\/wp\/v2\/users\/1"}],"replies":[{"embeddable":true,"href":"https:\/\/diariodigitalmx.com\/index.php\/wp-json\/wp\/v2\/comments?post=131130"}],"version-history":[{"count":1,"href":"https:\/\/diariodigitalmx.com\/index.php\/wp-json\/wp\/v2\/posts\/131130\/revisions"}],"predecessor-version":[{"id":131131,"href":"https:\/\/diariodigitalmx.com\/index.php\/wp-json\/wp\/v2\/posts\/131130\/revisions\/131131"}],"wp:featuredmedia":[{"embeddable":true,"href":"https:\/\/diariodigitalmx.com\/index.php\/wp-json\/wp\/v2\/media\/130593"}],"wp:attachment":[{"href":"https:\/\/diariodigitalmx.com\/index.php\/wp-json\/wp\/v2\/media?parent=131130"}],"wp:term":[{"taxonomy":"category","embeddable":true,"href":"https:\/\/diariodigitalmx.com\/index.php\/wp-json\/wp\/v2\/categories?post=131130"},{"taxonomy":"post_tag","embeddable":true,"href":"https:\/\/diariodigitalmx.com\/index.php\/wp-json\/wp\/v2\/tags?post=131130"}],"curies":[{"name":"wp","href":"https:\/\/api.w.org\/{rel}","templated":true}]}}