{"id":131137,"date":"2025-02-14T20:10:49","date_gmt":"2025-02-15T02:10:49","guid":{"rendered":"https:\/\/diariodigitalmx.com\/?p=131137"},"modified":"2025-02-14T20:24:19","modified_gmt":"2025-02-15T02:24:19","slug":"era-actor-el-hombre-que-murio-en-una-patrulla-de-monterrey","status":"publish","type":"post","link":"https:\/\/diariodigitalmx.com\/index.php\/2025\/02\/14\/era-actor-el-hombre-que-murio-en-una-patrulla-de-monterrey\/","title":{"rendered":"Era actor el hombre que muri\u00f3 en una patrulla de Monterrey"},"content":{"rendered":"\n<p><strong>Tom\u00e1s Tamez Herrera<\/strong>, de 51 a\u00f1os, se dedicaba a la\u00a0<strong>actuaci\u00f3n<\/strong> y entre 1998 y 2001 particip\u00f3 en telenovelas infantiles. El mi\u00e9rcoles pasado muri\u00f3 dentro de una patrulla de la polic\u00eda de Monterrey y fue identificado por su familia como actor.<\/p>\n\n\n\n<p>El histri\u00f3n fue detenido durante la noche del martes en la Colonia Florida al sur de Monterrey, tras de que hubo un reporte de los vecinos que lo acusaron de estar escandalizando en la v\u00eda p\u00fablica.<\/p>\n\n\n\n<p>Tras revisar los antecedentes del detenido, los polic\u00edas municipales supieron que Tamez Herrera contaba con antecedentes psiqui\u00e1tricos, por lo que fue llevado a la Casa de Salud Mental, en el municipio conurbado de Escobedo, para ser revisado por especialistas, donde se le dio la atenci\u00f3n requerida.<br>En el lugar, los m\u00e9dicos le aplicaron un tranquilizante para que pudiera regresar a las celdas, pero en la madrugada, ya del mi\u00e9rcoles fue llevado a revisi\u00f3n m\u00e9dica nuevamente, pero al Hospital Metropolitano, donde lo atendieron y estabilizaron.<\/p>\n\n\n\n<p>Despu\u00e9s de la revisi\u00f3n y la atenci\u00f3n m\u00e9dica fue regresado en una patrulla de la corporaci\u00f3n local de regreso a las celdas municipales, y el polic\u00eda conductor estacion\u00f3 la unidad para que descendiera el detenido, sin embargo, no se movi\u00f3.<\/p>\n\n\n\n<p>Al tratar de moverlo se dio cuenta que no reaccionaba y pidi\u00f3 el apoyo del m\u00e9dico de guardia, quien confirm\u00f3 el deceso del detenido.<\/p>\n\n\n\n<p>Tamez Herrera originario del municipio de Allende, residi\u00f3 varios a\u00f1os en la Ciudad de M\u00e9xico para llevar su carrera de actor, donde particip\u00f3 en algunas telenovelas, entre ellas, varias de corte infantil como&nbsp;<strong>El Diario de Daniela<\/strong>&nbsp;y&nbsp;<strong>Aventuras en el Tiempo<\/strong>, entre 1998 y 2001, adem\u00e1s de actuar en obras de teatro a nivel local.<\/p>\n\n\n\n<p>Detectives de la Agencia Estatal de Investigaciones y del Instituto de Criminal\u00edstica y Servicios Periciales realizan las indagatorias para esperar tambi\u00e9n los resultados de la autopsia para conocer las causas del fallecimiento.<\/p>\n\n\n\n<p>&#8221; Mi Querido Tommy vuela alto Siempre te recordar\u00e9 con ese humor negro que te cargabas jam\u00e1s te pude superar al ser el primer lugar en el CEAM, hablabas hasta lat\u00edn canijo. Gracias por ser mi Rommi al llegar juntos al desaparecido DF y estudiar con todo para alcanzar nuestro sue\u00f1o de graduarnos del CEA, descansa en paz&#8221;. Escribi\u00f3 el conductor en su cuenta de Instagram\u201d, escribi\u00f3 en su cuenta de Instagram el conductor Rafa Mercadante.&nbsp;<\/p>\n\n\n\n<p>El actor fue despedido en un pante\u00f3n de su tierra en Allende, a unos 60 kil\u00f3metros al sur de Monterrey.<\/p>\n","protected":false},"excerpt":{"rendered":"<p>Tom\u00e1s Tamez Herrera, de 51 a\u00f1os, se dedicaba a la\u00a0actuaci\u00f3n y entre 1998 y 2001 particip\u00f3 en telenovelas infantiles. El mi\u00e9rcoles pasado muri\u00f3 dentro de una patrulla de la polic\u00eda de Monterrey y fue identificado por su familia como actor. El histri\u00f3n fue detenido durante la noche del martes en la Colonia Florida al sur [&hellip;]<\/p>\n","protected":false},"author":1,"featured_media":131142,"comment_status":"open","ping_status":"open","sticky":true,"template":"","format":"standard","meta":{"footnotes":""},"categories":[14,7],"tags":[],"_links":{"self":[{"href":"https:\/\/diariodigitalmx.com\/index.php\/wp-json\/wp\/v2\/posts\/131137"}],"collection":[{"href":"https:\/\/diariodigitalmx.com\/index.php\/wp-json\/wp\/v2\/posts"}],"about":[{"href":"https:\/\/diariodigitalmx.com\/index.php\/wp-json\/wp\/v2\/types\/post"}],"author":[{"embeddable":true,"href":"https:\/\/diariodigitalmx.com\/index.php\/wp-json\/wp\/v2\/users\/1"}],"replies":[{"embeddable":true,"href":"https:\/\/diariodigitalmx.com\/index.php\/wp-json\/wp\/v2\/comments?post=131137"}],"version-history":[{"count":2,"href":"https:\/\/diariodigitalmx.com\/index.php\/wp-json\/wp\/v2\/posts\/131137\/revisions"}],"predecessor-version":[{"id":131143,"href":"https:\/\/diariodigitalmx.com\/index.php\/wp-json\/wp\/v2\/posts\/131137\/revisions\/131143"}],"wp:featuredmedia":[{"embeddable":true,"href":"https:\/\/diariodigitalmx.com\/index.php\/wp-json\/wp\/v2\/media\/131142"}],"wp:attachment":[{"href":"https:\/\/diariodigitalmx.com\/index.php\/wp-json\/wp\/v2\/media?parent=131137"}],"wp:term":[{"taxonomy":"category","embeddable":true,"href":"https:\/\/diariodigitalmx.com\/index.php\/wp-json\/wp\/v2\/categories?post=131137"},{"taxonomy":"post_tag","embeddable":true,"href":"https:\/\/diariodigitalmx.com\/index.php\/wp-json\/wp\/v2\/tags?post=131137"}],"curies":[{"name":"wp","href":"https:\/\/api.w.org\/{rel}","templated":true}]}}