{"id":131144,"date":"2025-02-15T22:30:35","date_gmt":"2025-02-16T04:30:35","guid":{"rendered":"https:\/\/diariodigitalmx.com\/?p=131144"},"modified":"2025-02-15T22:34:40","modified_gmt":"2025-02-16T04:34:40","slug":"marcela-guerra-se-reune-con-el-papa-francisco","status":"publish","type":"post","link":"https:\/\/diariodigitalmx.com\/index.php\/2025\/02\/15\/marcela-guerra-se-reune-con-el-papa-francisco\/","title":{"rendered":"Marcela Guerra se re\u00fane con el Papa Francisco"},"content":{"rendered":"\n<p>En representaci\u00f3n de la C\u00e1mara de Diputados, la legisladora Marcela Guerra Castillo acudi\u00f3 a una reuni\u00f3n privada con su santidad el Papa Francisco, en la Santa Sede, donde abordaron el tema de la migraci\u00f3n.<\/p>\n\n\n\n<p>Precis\u00f3 que en su calidad de Presidenta de la Comisi\u00f3n de Asuntos Migratorios, junto con la delegaci\u00f3n designada por la Junta de Coordinaci\u00f3n Pol\u00edtica de la C\u00e1mara de Diputados, entablaron un di\u00e1logo con el Pont\u00edfice quien extern\u00f3 su preocupaci\u00f3n por las deportaciones y la discriminaci\u00f3n que enfrentan los migrantes, ante la posici\u00f3n del gobierno de Estados Unidos.<\/p>\n\n\n\n<p>La legisladora priista se\u00f1al\u00f3 que durante la audiencia privada, que se realiz\u00f3 esta semana en la Santa Sede, el Papa pidi\u00f3 apoyar a los hermanos migrantes a trav\u00e9s de la fraternidad y la amistad social, como medios de reconstrucci\u00f3n social, para lo que sugiri\u00f3 promover la solidaridad y compasi\u00f3n entre las naciones.<\/p>\n\n\n\n<p>Puntualiz\u00f3 que el l\u00edder de la Iglesia Cat\u00f3lica llam\u00f3 a atender el problema de la migraci\u00f3n poniendo en el centro a las personas y sus derechos, y solicit\u00f3 adoptar programas de &#8220;corredores humanitarios&#8221;, pol\u00edticas de reasentamiento para refugiados, conceder visas de reunificaci\u00f3n familiar y el estatuto de protecci\u00f3n temporal a las personas obligadas a huir.<\/p>\n\n\n\n<figure class=\"wp-block-image size-full\"><img loading=\"lazy\" decoding=\"async\" width=\"794\" height=\"532\" src=\"https:\/\/diariodigitalmx.com\/wp-content\/uploads\/2025\/02\/unnamed-3.jpg\" alt=\"\" class=\"wp-image-131148\" srcset=\"https:\/\/diariodigitalmx.com\/wp-content\/uploads\/2025\/02\/unnamed-3.jpg 794w, https:\/\/diariodigitalmx.com\/wp-content\/uploads\/2025\/02\/unnamed-3-300x201.jpg 300w, https:\/\/diariodigitalmx.com\/wp-content\/uploads\/2025\/02\/unnamed-3-768x515.jpg 768w\" sizes=\"(max-width: 794px) 100vw, 794px\" \/><\/figure>\n\n\n\n<p>Adem\u00e1s, refiri\u00f3 que Francisco II relat\u00f3 las dificultades que viven los migrantes en la regi\u00f3n del Dari\u00e9n, una zona selv\u00e1tica y pantanosa que se encuentra en la frontera entre Colombia y Panam\u00e1, que cada a\u00f1o la cruzan migrantes originarios de pa\u00edses tan diversos como Venezuela, Cuba, Hait\u00ed, Bangladesh o Somalia, todos decididos para llegar a Estados Unidos, recordando que \u00e9l mismo es hijo de inmigrantes en Argentina.<\/p>\n\n\n\n<p>Refiri\u00f3 que el Papa Francisco en su enc\u00edclica Fratelli Tutti&#8221; (Hermanos Todos), destac\u00f3 la importancia de acoger y ayudar a los migrantes y refugiados, promoviendo una mayor solidaridad y compasi\u00f3n entre las naciones, y expres\u00f3 que el acto de deportar a personas, que en muchos casos han abandonado su propia tierra por razones de extrema pobreza, inseguridad, explotaci\u00f3n, persecuci\u00f3n o grave deterioro del medio ambiente, lesiona la dignidad de muchos hombres y mujeres, de familias enteras.<\/p>\n\n\n\n<p>El Papa, durante la audiencia, reiter\u00f3 que la dignidad y los derechos de los migrantes tienen prioridad sobre cualquier otra preocupaci\u00f3n, y record\u00f3 la misa que ofreci\u00f3 en Ciudad Ju\u00e1rez, frente al R\u00edo Bravo, a los pies de la cruz erigida en el lugar que separa M\u00e9xico de Estados Unidos y que fue seguida a ambos lados de la frontera.&nbsp;<\/p>\n\n\n\n<p>La congresista agradeci\u00f3 la invitaci\u00f3n de Monse\u00f1or Joseph Spiteri, Nuncio Apost\u00f3lico en M\u00e9xico y las atenciones que recibieron durante su estancia en el Vaticano por parte del excelent\u00edsimo se\u00f1or Alberto Medardo Barranco Chavarr\u00eda, embajador de M\u00e9xico ante la Santa Sede.<\/p>\n","protected":false},"excerpt":{"rendered":"<p>En representaci\u00f3n de la C\u00e1mara de Diputados, la legisladora Marcela Guerra Castillo acudi\u00f3 a una reuni\u00f3n privada con su santidad el Papa Francisco, en la Santa Sede, donde abordaron el tema de la migraci\u00f3n. Precis\u00f3 que en su calidad de Presidenta de la Comisi\u00f3n de Asuntos Migratorios, junto con la delegaci\u00f3n designada por la Junta [&hellip;]<\/p>\n","protected":false},"author":1,"featured_media":131146,"comment_status":"open","ping_status":"open","sticky":true,"template":"","format":"standard","meta":{"footnotes":""},"categories":[2,5],"tags":[],"_links":{"self":[{"href":"https:\/\/diariodigitalmx.com\/index.php\/wp-json\/wp\/v2\/posts\/131144"}],"collection":[{"href":"https:\/\/diariodigitalmx.com\/index.php\/wp-json\/wp\/v2\/posts"}],"about":[{"href":"https:\/\/diariodigitalmx.com\/index.php\/wp-json\/wp\/v2\/types\/post"}],"author":[{"embeddable":true,"href":"https:\/\/diariodigitalmx.com\/index.php\/wp-json\/wp\/v2\/users\/1"}],"replies":[{"embeddable":true,"href":"https:\/\/diariodigitalmx.com\/index.php\/wp-json\/wp\/v2\/comments?post=131144"}],"version-history":[{"count":2,"href":"https:\/\/diariodigitalmx.com\/index.php\/wp-json\/wp\/v2\/posts\/131144\/revisions"}],"predecessor-version":[{"id":131149,"href":"https:\/\/diariodigitalmx.com\/index.php\/wp-json\/wp\/v2\/posts\/131144\/revisions\/131149"}],"wp:featuredmedia":[{"embeddable":true,"href":"https:\/\/diariodigitalmx.com\/index.php\/wp-json\/wp\/v2\/media\/131146"}],"wp:attachment":[{"href":"https:\/\/diariodigitalmx.com\/index.php\/wp-json\/wp\/v2\/media?parent=131144"}],"wp:term":[{"taxonomy":"category","embeddable":true,"href":"https:\/\/diariodigitalmx.com\/index.php\/wp-json\/wp\/v2\/categories?post=131144"},{"taxonomy":"post_tag","embeddable":true,"href":"https:\/\/diariodigitalmx.com\/index.php\/wp-json\/wp\/v2\/tags?post=131144"}],"curies":[{"name":"wp","href":"https:\/\/api.w.org\/{rel}","templated":true}]}}