{"id":131176,"date":"2025-02-16T15:48:30","date_gmt":"2025-02-16T21:48:30","guid":{"rendered":"https:\/\/diariodigitalmx.com\/?p=131176"},"modified":"2025-02-16T15:50:37","modified_gmt":"2025-02-16T21:50:37","slug":"reune-monterrey-a-cerca-de-700-asistentes-en-festejo-de-san-valentin-con-la-gran-orquesta-de-la-ciudad","status":"publish","type":"post","link":"https:\/\/diariodigitalmx.com\/index.php\/2025\/02\/16\/reune-monterrey-a-cerca-de-700-asistentes-en-festejo-de-san-valentin-con-la-gran-orquesta-de-la-ciudad\/","title":{"rendered":"Re\u00fane Monterrey a cerca de 700 asistentes en festejo de San Valent\u00edn con la Gran Orquesta de la Ciudad"},"content":{"rendered":"\n<figure class=\"wp-block-image size-large\"><img loading=\"lazy\" decoding=\"async\" width=\"1024\" height=\"684\" src=\"https:\/\/diariodigitalmx.com\/wp-content\/uploads\/2025\/02\/IMG_8433-1024x684.jpg\" alt=\"\" class=\"wp-image-131182\" srcset=\"https:\/\/diariodigitalmx.com\/wp-content\/uploads\/2025\/02\/IMG_8433-1024x684.jpg 1024w, https:\/\/diariodigitalmx.com\/wp-content\/uploads\/2025\/02\/IMG_8433-300x200.jpg 300w, https:\/\/diariodigitalmx.com\/wp-content\/uploads\/2025\/02\/IMG_8433-768x513.jpg 768w, https:\/\/diariodigitalmx.com\/wp-content\/uploads\/2025\/02\/IMG_8433.jpg 1280w\" sizes=\"(max-width: 1024px) 100vw, 1024px\" \/><\/figure>\n\n\n\n<p>\u2022&nbsp;<em>El evento incluy\u00f3 una presentaci\u00f3n sorpresa de un imitador de Elvis Presley, quien cautiv\u00f3 a los asistentes con su interpretaci\u00f3n y carisma<\/em><\/p>\n\n\n\n<p>El Gobierno de Monterrey, bajo la direcci\u00f3n del alcalde Adri\u00e1n de la Garza, llev\u00f3 a cabo este domingo la celebraci\u00f3n del D\u00eda de San Valent\u00edn en los bajos del Palacio&nbsp;<a><\/a>Municipal, donde cerca de 700 asistentes disfrutaron de una ma\u00f1ana llena de m\u00fasica, baile y sorpresas.<\/p>\n\n\n\n<p>Desde las 11:00 horas, la Gran Orquesta de la Ciudad de Monterrey ameniz\u00f3 el evento con un repertorio especial, mientras los asistentes, vestidos en tonos rojo, blanco y rosa, disfrutaban del ambiente festivo y se sumaban al ritmo de la m\u00fasica.<\/p>\n\n\n\n<figure class=\"wp-block-image size-large\"><img loading=\"lazy\" decoding=\"async\" width=\"1024\" height=\"684\" src=\"https:\/\/diariodigitalmx.com\/wp-content\/uploads\/2025\/02\/IMG_8432-1024x684.jpg\" alt=\"\" class=\"wp-image-131180\" srcset=\"https:\/\/diariodigitalmx.com\/wp-content\/uploads\/2025\/02\/IMG_8432-1024x684.jpg 1024w, https:\/\/diariodigitalmx.com\/wp-content\/uploads\/2025\/02\/IMG_8432-300x200.jpg 300w, https:\/\/diariodigitalmx.com\/wp-content\/uploads\/2025\/02\/IMG_8432-768x513.jpg 768w, https:\/\/diariodigitalmx.com\/wp-content\/uploads\/2025\/02\/IMG_8432.jpg 1280w\" sizes=\"(max-width: 1024px) 100vw, 1024px\" \/><\/figure>\n\n\n\n<p>Como parte de las din\u00e1micas del evento, la Direcci\u00f3n General de Turismo es Cultura, encabezada por Sylvia Nancy Garc\u00eda, organiz\u00f3 actividades para premiar la participaci\u00f3n del p\u00fablico, incluyendo una sorpresa especial para quien encontrara un papel oculto bajo una de las sillas.<\/p>\n\n\n\n<p>\u201cY aqu\u00ed nuestro alcalde, el se\u00f1or Adri\u00e1n de la Garza, les manda con mucho cari\u00f1o esta sorpresa, muchas gracias a \u00e9l y a ustedes por estar aqu\u00ed, gracias a nuestra gran orquesta de Monterrey por estar con nosotros, much\u00edsimas gracias por estar presentes, tenemos lleno total y muchas sonrisas\u201d, expres\u00f3 Garc\u00eda Trevi\u00f1o.<\/p>\n\n\n\n<figure class=\"wp-block-image size-large\"><img loading=\"lazy\" decoding=\"async\" width=\"1024\" height=\"684\" src=\"https:\/\/diariodigitalmx.com\/wp-content\/uploads\/2025\/02\/IMG_8435-1024x684.jpg\" alt=\"\" class=\"wp-image-131181\" srcset=\"https:\/\/diariodigitalmx.com\/wp-content\/uploads\/2025\/02\/IMG_8435-1024x684.jpg 1024w, https:\/\/diariodigitalmx.com\/wp-content\/uploads\/2025\/02\/IMG_8435-300x200.jpg 300w, https:\/\/diariodigitalmx.com\/wp-content\/uploads\/2025\/02\/IMG_8435-768x513.jpg 768w, https:\/\/diariodigitalmx.com\/wp-content\/uploads\/2025\/02\/IMG_8435.jpg 1280w\" sizes=\"(max-width: 1024px) 100vw, 1024px\" \/><\/figure>\n\n\n\n<p>En un momento destacado de la jornada, un imitador de Elvis Presley hizo su aparici\u00f3n en un autom\u00f3vil de colecci\u00f3n color rosa, causando gran emoci\u00f3n entre los presentes. Con su interpretaci\u00f3n y energ\u00eda, puso a cantar a los asistentes, quienes tambi\u00e9n aprovecharon la oportunidad para tomarse fotograf\u00edas junto al ic\u00f3nico veh\u00edculo.<\/p>\n","protected":false},"excerpt":{"rendered":"<p>\u2022&nbsp;El evento incluy\u00f3 una presentaci\u00f3n sorpresa de un imitador de Elvis Presley, quien cautiv\u00f3 a los asistentes con su interpretaci\u00f3n y carisma El Gobierno de Monterrey, bajo la direcci\u00f3n del alcalde Adri\u00e1n de la Garza, llev\u00f3 a cabo este domingo la celebraci\u00f3n del D\u00eda de San Valent\u00edn en los bajos del Palacio&nbsp;Municipal, donde cerca de [&hellip;]<\/p>\n","protected":false},"author":1,"featured_media":131178,"comment_status":"open","ping_status":"open","sticky":true,"template":"","format":"standard","meta":{"footnotes":""},"categories":[14,6],"tags":[],"_links":{"self":[{"href":"https:\/\/diariodigitalmx.com\/index.php\/wp-json\/wp\/v2\/posts\/131176"}],"collection":[{"href":"https:\/\/diariodigitalmx.com\/index.php\/wp-json\/wp\/v2\/posts"}],"about":[{"href":"https:\/\/diariodigitalmx.com\/index.php\/wp-json\/wp\/v2\/types\/post"}],"author":[{"embeddable":true,"href":"https:\/\/diariodigitalmx.com\/index.php\/wp-json\/wp\/v2\/users\/1"}],"replies":[{"embeddable":true,"href":"https:\/\/diariodigitalmx.com\/index.php\/wp-json\/wp\/v2\/comments?post=131176"}],"version-history":[{"count":2,"href":"https:\/\/diariodigitalmx.com\/index.php\/wp-json\/wp\/v2\/posts\/131176\/revisions"}],"predecessor-version":[{"id":131183,"href":"https:\/\/diariodigitalmx.com\/index.php\/wp-json\/wp\/v2\/posts\/131176\/revisions\/131183"}],"wp:featuredmedia":[{"embeddable":true,"href":"https:\/\/diariodigitalmx.com\/index.php\/wp-json\/wp\/v2\/media\/131178"}],"wp:attachment":[{"href":"https:\/\/diariodigitalmx.com\/index.php\/wp-json\/wp\/v2\/media?parent=131176"}],"wp:term":[{"taxonomy":"category","embeddable":true,"href":"https:\/\/diariodigitalmx.com\/index.php\/wp-json\/wp\/v2\/categories?post=131176"},{"taxonomy":"post_tag","embeddable":true,"href":"https:\/\/diariodigitalmx.com\/index.php\/wp-json\/wp\/v2\/tags?post=131176"}],"curies":[{"name":"wp","href":"https:\/\/api.w.org\/{rel}","templated":true}]}}