{"id":131184,"date":"2025-02-16T16:39:41","date_gmt":"2025-02-16T22:39:41","guid":{"rendered":"https:\/\/diariodigitalmx.com\/?p=131184"},"modified":"2025-02-16T16:53:44","modified_gmt":"2025-02-16T22:53:44","slug":"la-disputa-por-el-agua-entre-ejidatarios-y-la-vinera-casa-madero-que-la-ley-resuelva-dice-alcalde-de-parras","status":"publish","type":"post","link":"https:\/\/diariodigitalmx.com\/index.php\/2025\/02\/16\/la-disputa-por-el-agua-entre-ejidatarios-y-la-vinera-casa-madero-que-la-ley-resuelva-dice-alcalde-de-parras\/","title":{"rendered":"La disputa por el agua entre ejidatarios y la vinera Casa Madero; que la ley resuelva, dice alcalde de Parras"},"content":{"rendered":"\n<figure class=\"wp-block-image size-full\"><img loading=\"lazy\" decoding=\"async\" width=\"715\" height=\"459\" src=\"https:\/\/diariodigitalmx.com\/wp-content\/uploads\/2025\/02\/FB_IMG_1739746118324.jpg\" alt=\"\" class=\"wp-image-131187\" srcset=\"https:\/\/diariodigitalmx.com\/wp-content\/uploads\/2025\/02\/FB_IMG_1739746118324.jpg 715w, https:\/\/diariodigitalmx.com\/wp-content\/uploads\/2025\/02\/FB_IMG_1739746118324-300x193.jpg 300w\" sizes=\"(max-width: 715px) 100vw, 715px\" \/><\/figure>\n\n\n\n<p>Parras, Coahuila. &#8211;&nbsp; Un viejo litigio por el control del agua que mantienen ejidatarios y la empresa Casa Madero, ha derivado en violencia que, a juicio de la vitivin\u00edcola la autoridad no ha intervenido y ha hecho caso omiso de la situaci\u00f3n en la que se da\u00f1\u00f3 infraestructura particular.<\/p>\n\n\n\n<p>Mientras tanto, el alcalde de Parras, Fernando Orozco Lara, considera que la soluci\u00f3n del conflicto est\u00e1 en la conciliaci\u00f3n y la voluntad de las partes, adem\u00e1s de que, dijo, debe ser la ley la que predomine y se resuelva en base a lo legal.<\/p>\n\n\n\n<p>El edil afirma que para la soluci\u00f3n se apoyan en dict\u00e1menes t\u00e9cnicos, aunque reitera que es la conciliaci\u00f3n de intereses lo que permitir\u00e1 concluir con el problema que tiene a\u00f1os, que ha crecido al paso del tiempo y amenaza con estallar en actos de violencia<\/p>\n\n\n\n<p>Orozco Lara record\u00f3 tambi\u00e9n que adem\u00e1s del ejido San Lorenzo, hay otras comunidades entre ellas San Francisco y 28 de agosto, y particulares, que disputan un mayor volumen de agua que incluye el riego.<\/p>\n\n\n\n<p>Seg\u00fan el alcalde, hay voluntad de las partes involucradas y de las autoridades para resolver el a\u00f1ejo conflicto, por lo que se bvusca la soluci\u00f3n con la coordinaci\u00f3n de Conagua y el apoyo del gobierno estatal de Manolo Jim\u00e9nez.<\/p>\n\n\n\n<p>Recientemente, la vitivin\u00edcola Casa Madero responsabiliz\u00f3 a los habitantes del Ejido San Lorenzo, con quienes mantiene el litigio por el control del agua, de presuntos actos de violencia e intimidaci\u00f3n contra su personal, adem\u00e1s de invadir y da\u00f1ar infraestructura de riego de su propiedad.<\/p>\n\n\n\n<p>A trav\u00e9s de un comunicado, la empresa acusa a las autoridades municipales de Parras, de ser omisas ante esta situaci\u00f3n; incluso, acus\u00f3, el Cuerpo de Bomberos no intervino en un incendio del que tambi\u00e9n responsabiliz\u00f3 a los ejidatarios.<\/p>\n","protected":false},"excerpt":{"rendered":"<p>Parras, Coahuila. &#8211;&nbsp; Un viejo litigio por el control del agua que mantienen ejidatarios y la empresa Casa Madero, ha derivado en violencia que, a juicio de la vitivin\u00edcola la autoridad no ha intervenido y ha hecho caso omiso de la situaci\u00f3n en la que se da\u00f1\u00f3 infraestructura particular. Mientras tanto, el alcalde de Parras, [&hellip;]<\/p>\n","protected":false},"author":1,"featured_media":131186,"comment_status":"open","ping_status":"open","sticky":true,"template":"","format":"standard","meta":{"footnotes":""},"categories":[21,3,5],"tags":[],"_links":{"self":[{"href":"https:\/\/diariodigitalmx.com\/index.php\/wp-json\/wp\/v2\/posts\/131184"}],"collection":[{"href":"https:\/\/diariodigitalmx.com\/index.php\/wp-json\/wp\/v2\/posts"}],"about":[{"href":"https:\/\/diariodigitalmx.com\/index.php\/wp-json\/wp\/v2\/types\/post"}],"author":[{"embeddable":true,"href":"https:\/\/diariodigitalmx.com\/index.php\/wp-json\/wp\/v2\/users\/1"}],"replies":[{"embeddable":true,"href":"https:\/\/diariodigitalmx.com\/index.php\/wp-json\/wp\/v2\/comments?post=131184"}],"version-history":[{"count":2,"href":"https:\/\/diariodigitalmx.com\/index.php\/wp-json\/wp\/v2\/posts\/131184\/revisions"}],"predecessor-version":[{"id":131188,"href":"https:\/\/diariodigitalmx.com\/index.php\/wp-json\/wp\/v2\/posts\/131184\/revisions\/131188"}],"wp:featuredmedia":[{"embeddable":true,"href":"https:\/\/diariodigitalmx.com\/index.php\/wp-json\/wp\/v2\/media\/131186"}],"wp:attachment":[{"href":"https:\/\/diariodigitalmx.com\/index.php\/wp-json\/wp\/v2\/media?parent=131184"}],"wp:term":[{"taxonomy":"category","embeddable":true,"href":"https:\/\/diariodigitalmx.com\/index.php\/wp-json\/wp\/v2\/categories?post=131184"},{"taxonomy":"post_tag","embeddable":true,"href":"https:\/\/diariodigitalmx.com\/index.php\/wp-json\/wp\/v2\/tags?post=131184"}],"curies":[{"name":"wp","href":"https:\/\/api.w.org\/{rel}","templated":true}]}}