{"id":131200,"date":"2025-02-17T01:03:03","date_gmt":"2025-02-17T07:03:03","guid":{"rendered":"https:\/\/diariodigitalmx.com\/?p=131200"},"modified":"2025-02-17T01:04:01","modified_gmt":"2025-02-17T07:04:01","slug":"la-politica-de-depredacion-y-perdida-de-derechos","status":"publish","type":"post","link":"https:\/\/diariodigitalmx.com\/index.php\/2025\/02\/17\/la-politica-de-depredacion-y-perdida-de-derechos\/","title":{"rendered":"! La Pol\u00edtica\u00a0 de Depredaci\u00f3n y P\u00e9rdida de derechos \u00a1\u00a0\u00a0"},"content":{"rendered":"\n<p>P\u00e9ndulo pol\u00edtico<\/p>\n\n\n\n<p>Dr. Emiliano Carrillo Carrasco<\/p>\n\n\n\n<p><strong>La gobernanza del poder p\u00fablico 2025-2030. Las competencias administrativas deben configurarse como funciones<\/strong>&nbsp;de garant\u00eda de los derechos fundamentales, si se pretende asegurar la primac\u00eda legislativa y la independencia judicial. Los derechos sociales quedar\u00edan como postulados program\u00e1ticos. Como Bobbio y Alexy, concibe a los&nbsp;<strong>derechos sociales como fundamentales porque su satisfacci\u00f3n asegura los \u201cpre-requisitos\u201d de la democracia pol\u00edtica. Su garant\u00eda puede aportar los presupuestos materiales imprescindibles del disfrute de los dem\u00e1s derechos.<\/strong><\/p>\n\n\n\n<p><strong>El mundo est\u00e1 en un estado de acciones de poder e intereses&nbsp; financieros \u201cmercado de control neoliberal-clanes de familias a trav\u00e9s<\/strong>&nbsp;de sus organismos<strong>, FMI, BANCO MUNDIAL<\/strong>, Word Street\u201d.&nbsp; La macroeconom\u00eda-global&nbsp; de poder en acciones de empobrecer la poblaci\u00f3n, con el mutuo acuerdo con el Gobierno. La deuda del 2012-2018&nbsp; de 10 billones se increment\u00f3 a&nbsp; m\u00e1s de&nbsp; 17 billones de pesos. La administraci\u00f3n inicia con un d\u00e9ficit 1 .5 billones&nbsp; de pesos (2025) ; y al pago a la deuda p\u00fablica de la balanza de pagos comprometidos; la presencia de recortes en materia de Salud, Educaci\u00f3n y Seguridad. La vida est\u00e1 inmersa en hechos de violencia, el vivir con miedo en estados polarizados y de siembra de desesperanza a las masas por gobiernos \u201ccorruptos e impunes, vinculados por la delincuencia o control de narcotr\u00e1fico \u2013 las acciones materiales confrontadas por intereses de poder y a una democracia empantanada-.&nbsp;<strong>Las resistencias de segmentos sociales a la acci\u00f3n medi\u00e1tica y a narrativas&nbsp; conforme a los intereses&nbsp; de poder,&nbsp;<\/strong><strong>SOLO TIEMPO A LA MOVILIZACI\u00d3N DE LA POBLACI\u00d3N<\/strong><strong>.&nbsp;<\/strong>El conocimiento&nbsp; no consiste en poner al hombre o persona al frente a la personas a la poblaci\u00f3n&nbsp; \u2013instrumento de poder -. Los hechos sin realidad en forma efectiva, instrumentada a la falsedad, la realidad es otra. Los entornos sociales que se viven polarizaci\u00f3n, confusi\u00f3n, miedo.<\/p>\n\n\n\n<p><strong>\u201cLa pol\u00edtica de colonizaci\u00f3n o al peligro al terrorismo de la delincuencia del narcotr\u00e1fico\u201d en la compra de voluntades y corrupci\u00f3n, la regla entrega de Estado Soberano a la sujeci\u00f3n del<\/strong>&nbsp;poder financiero y rentismo de utilidades. Los medios de comunicaci\u00f3n, instrumento de poder circular, las acciones a la masa de persuasi\u00f3n&nbsp; hipod\u00e9rmica. Todo es conocimiento cr\u00edtico positivo, la lucha resilientes de la educaci\u00f3n y la ignorancia es una herramienta de control comunicaci\u00f3n al a&nbsp;<strong>las masas.&nbsp; M\u00e1s desconcierto de su Plan M\u00e9xico o plan de desarrollo&nbsp; y el Edomex en espera a los recursos desde&nbsp; la SHCP<\/strong>&nbsp;o recorte a la falta de recursos y al d\u00e9ficit presupuestal 1.5 billones de pesos y la balanza de pagos&nbsp;<strong>adquiridos. \u00bfLos art\u00edculos 25 y 26 constitucionales en relaci\u00f3n con el desarrollo nacional. Los art\u00edculos 25 y 26, apartado<\/strong>&nbsp;A&nbsp;<strong>de la Constituci\u00f3n Pol\u00edtica de los Estados Unidos Mexicanos, establecen que corresponde al Estado la rector\u00eda<\/strong>&nbsp;del desarrollo nacional para garantizar un desarrollo nacional integral y sustentable que permita el pleno ejercicio de la libertad y la dignidad&nbsp;<strong>de los individuos. La Propuesta de la narrativa, la oposici\u00f3n inteligente y articulada. Poblaci\u00f3n joven de 18 a 30 a\u00f1os la esperanza del pa\u00eds. Los &nbsp;qu\u00e9 creen ,los que no creen . La masa cef\u00e1lica a &nbsp;pensar ,imaginar ,razonar es una necesidad de las<\/strong>&nbsp;personas ,nuestra naturaleza de interacci\u00f3n colectiva , \u00fanica en la naturaleza humana . El lenguaje y comunicaci\u00f3n son una balsa verbal<\/p>\n\n\n\n<p>&nbsp;<strong>La econom\u00eda del mercado&#8212;es global y de acciones de los gobiernos &#8212; es la auto explotaci\u00f3n y nos hace esclavos que nos lleva la vida, la vida es para vivir y no vivir para trabajar<\/strong>. El Tener una vida feliz con causa y compromiso c\u00edvico .El desaf\u00edo es preparar a los j\u00f3venes ante el mundo . No al odio ,no a confrontaci\u00f3n, sembrar esperanza para un M\u00e9xico para todos. Gobiernos de mandato eficiencia y mando. En qu\u00e9 creen ,los que no creen . El pensar ,imaginar ,razonar es una necesidad de las personas ,nuestra naturaleza de interacci\u00f3n colectiva , \u00fanica en la naturaleza humana . El lenguaje y la comunicaci\u00f3n son una balsa verbal .<\/p>\n\n\n\n<p><strong>El Edomex tiene 125 municipios con sus tipolog\u00edas regionales y necesidades comunes desde abasto de agua , problemas de asentamiento de m\u00e1s de 300 mil ,inmerso&nbsp; de violencia y miedo por grupos delictivos . Somos m\u00e1s de<\/strong>&nbsp;17 millones de habitantes . Problemas de pobreza e infraestructura laboral, falta de inversi\u00f3n privada e instituci\u00f3n es de salud, educaci\u00f3n.&nbsp;<strong>La adquisici\u00f3n&nbsp; de deuda de m\u00e1s de 16 mil 400 millones de pesos, es hist\u00f3rico .La cobertura para estudiantes universitarios &nbsp;de j\u00f3venes de 18 a 23 AL 54% por la federaci\u00f3n; en el Edomex al &nbsp;36% para estudiar alguna carrera universitaria en el Edomex.<\/strong><\/p>\n\n\n\n<p><strong>En&nbsp; materia de salud&nbsp; de los S<\/strong>ervidores P\u00fablicos: El sistema de salud&nbsp;<strong>\u201cCOLAPSADA Y MOVILIZACI\u00d3N DE DEMANDAS<\/strong>&nbsp;\u201c en estado de supervivencia&nbsp; a su quiebra t\u00e9cnica. El adeudo del ISSEMYM regulado por el c\u00f3digo financiero del Edomex con una deuda de m\u00e1s de 9 mil millones de pesos irrecuperables por omisi\u00f3n y colusi\u00f3n. La salud a&nbsp; Bur\u00f3cratas y cuerpos de seguridad estatales del GEM, sin eficiencia a causa de la corrupci\u00f3n e impunidad. El problema de jubilaciones(2023) de m\u00e1s de 20 mil bur\u00f3cratas&nbsp; de m\u00e1s de 60 a\u00f1os o personas que han trabajado por 35 a\u00f1os para obtener el 100 % para su pensi\u00f3n . Los centros&nbsp; de salud del Edomex 116 unidades m\u00e9dicas, 102&nbsp; de primer nivel.<\/p>\n\n\n\n<p><strong>La federaci\u00f3n&nbsp; por v\u00eda SHCP: La Reducci\u00f3n de 110 mil millones de pesos en salud&nbsp;&nbsp; y reducci\u00f3n de recursos en educaci\u00f3n, seguridad infraestructura. Las presiones de aranceles a M\u00e9xico al 25% y Narco Estado entre otros, provocara<\/strong>&nbsp;la aceleraci\u00f3n de la recesi\u00f3n. La reducci\u00f3n del Gasto p\u00fablico en SALUD, EDUCACI\u00d3N Y SEGURIDAD: La escasez&nbsp; de material, m\u00e9dicos y no hay dinero. Los ejes de acciones&nbsp; y los detonantes sociales: El transporte p\u00fablico: la delincuencia en el transporte en el valle de M\u00e9xico&nbsp; en los municipios de&nbsp; los Reyes la paz, San Vicente Chicoloapan, Chimalhuac\u00e1n, Nezahualc\u00f3yotl, sujetos a la intimidaci\u00f3n, a la extorsi\u00f3n, el pago de piso y sembrar miedo por la delincuencia.<\/p>\n\n\n\n<p>Los bloqueos para este d\u00eda, se convertir\u00e1n en protestas por extorsiones de las que son v\u00edctimas la poblaci\u00f3n .<\/p>\n","protected":false},"excerpt":{"rendered":"<p>P\u00e9ndulo pol\u00edtico Dr. Emiliano Carrillo Carrasco La gobernanza del poder p\u00fablico 2025-2030. Las competencias administrativas deben configurarse como funciones&nbsp;de garant\u00eda de los derechos fundamentales, si se pretende asegurar la primac\u00eda legislativa y la independencia judicial. Los derechos sociales quedar\u00edan como postulados program\u00e1ticos. Como Bobbio y Alexy, concibe a los&nbsp;derechos sociales como fundamentales porque su satisfacci\u00f3n [&hellip;]<\/p>\n","protected":false},"author":1,"featured_media":130250,"comment_status":"open","ping_status":"open","sticky":true,"template":"","format":"standard","meta":{"footnotes":""},"categories":[14,12],"tags":[],"_links":{"self":[{"href":"https:\/\/diariodigitalmx.com\/index.php\/wp-json\/wp\/v2\/posts\/131200"}],"collection":[{"href":"https:\/\/diariodigitalmx.com\/index.php\/wp-json\/wp\/v2\/posts"}],"about":[{"href":"https:\/\/diariodigitalmx.com\/index.php\/wp-json\/wp\/v2\/types\/post"}],"author":[{"embeddable":true,"href":"https:\/\/diariodigitalmx.com\/index.php\/wp-json\/wp\/v2\/users\/1"}],"replies":[{"embeddable":true,"href":"https:\/\/diariodigitalmx.com\/index.php\/wp-json\/wp\/v2\/comments?post=131200"}],"version-history":[{"count":1,"href":"https:\/\/diariodigitalmx.com\/index.php\/wp-json\/wp\/v2\/posts\/131200\/revisions"}],"predecessor-version":[{"id":131201,"href":"https:\/\/diariodigitalmx.com\/index.php\/wp-json\/wp\/v2\/posts\/131200\/revisions\/131201"}],"wp:featuredmedia":[{"embeddable":true,"href":"https:\/\/diariodigitalmx.com\/index.php\/wp-json\/wp\/v2\/media\/130250"}],"wp:attachment":[{"href":"https:\/\/diariodigitalmx.com\/index.php\/wp-json\/wp\/v2\/media?parent=131200"}],"wp:term":[{"taxonomy":"category","embeddable":true,"href":"https:\/\/diariodigitalmx.com\/index.php\/wp-json\/wp\/v2\/categories?post=131200"},{"taxonomy":"post_tag","embeddable":true,"href":"https:\/\/diariodigitalmx.com\/index.php\/wp-json\/wp\/v2\/tags?post=131200"}],"curies":[{"name":"wp","href":"https:\/\/api.w.org\/{rel}","templated":true}]}}