{"id":131236,"date":"2025-02-17T08:18:51","date_gmt":"2025-02-17T14:18:51","guid":{"rendered":"https:\/\/diariodigitalmx.com\/?p=131236"},"modified":"2025-02-17T08:22:43","modified_gmt":"2025-02-17T14:22:43","slug":"gerson-gomez-fecomienda-que-leer","status":"publish","type":"post","link":"https:\/\/diariodigitalmx.com\/index.php\/2025\/02\/17\/gerson-gomez-fecomienda-que-leer\/","title":{"rendered":"Gerson G\u00f3mez recomienda qu\u00e9 leer"},"content":{"rendered":"\n<p>El tren lleg\u00f3 puntual de Heinrich B\u00f6ll<\/p>\n\n\n\n<p>La desesperaci\u00f3n por conservar la vida conduce a experimentar los estados de miedo y ansiedad m\u00e1s terribles cuando algo atenta contra \u00e9sta. Andreas, un joven soldado alem\u00e1n que viaja en tren de Par\u00eds a Polonia a finales de la segunda Guerra Mundial es v\u00edctima de la realidad en los tiempos de guerra y de manera repentina reconoce que, como muchos otros soldados, no podr\u00e1 disfrutar de m\u00e1s placeres mundanos o de la satisfacci\u00f3n que trae consigo el saberse amado. En cambio, deber\u00e1 llegar puntual al encuentro con la muerte en alguna de las estaciones de su recorrido hacia el Frente Oriental.<\/p>\n\n\n\n<figure class=\"wp-block-image size-full\"><img loading=\"lazy\" decoding=\"async\" width=\"318\" height=\"414\" src=\"https:\/\/diariodigitalmx.com\/wp-content\/uploads\/2025\/02\/FM11852.jpg\" alt=\"\" class=\"wp-image-131241\" srcset=\"https:\/\/diariodigitalmx.com\/wp-content\/uploads\/2025\/02\/FM11852.jpg 318w, https:\/\/diariodigitalmx.com\/wp-content\/uploads\/2025\/02\/FM11852-230x300.jpg 230w\" sizes=\"(max-width: 318px) 100vw, 318px\" \/><\/figure>\n\n\n\n<p>Los disfraces de la muerte de Mikel Ruiz<\/p>\n\n\n\n<p>Jacinto Ikalnabil prepara la ofrenda de muertos para honrar a su padre y se traslada al pueblo de Jobel a comprar carne; ah\u00ed es apresado e injustamente inculpado de homicidio y condenado al fusilamiento. Hacinado en una celda junto a su hijo Pedro y los tres compa\u00f1eros que lo acompa\u00f1aban, todos son torturados. En su mente, Jacinto va y viene en sus recuerdos de la lucha armada contra el gobierno que permite que los exploten en las fincas; el inicio del levantamiento que lo lleva a ser portavoz de su pueblo; la muerte de camaradas que pelearon valientemente en aras de la dignidad humana y la libertad.<\/p>\n\n\n\n<figure class=\"wp-block-image size-full\"><img loading=\"lazy\" decoding=\"async\" width=\"309\" height=\"300\" src=\"https:\/\/diariodigitalmx.com\/wp-content\/uploads\/2025\/02\/FM6402.jpg\" alt=\"\" class=\"wp-image-131242\" srcset=\"https:\/\/diariodigitalmx.com\/wp-content\/uploads\/2025\/02\/FM6402.jpg 309w, https:\/\/diariodigitalmx.com\/wp-content\/uploads\/2025\/02\/FM6402-300x291.jpg 300w\" sizes=\"(max-width: 309px) 100vw, 309px\" \/><\/figure>\n\n\n\n<p>En el ojo del espejo de Fran\u00e7oise Frontisi-Ducroux, &nbsp;y Jean- Pierre Vernant<\/p>\n\n\n\n<p>\u00a0Es un libro a dos voces: una de ellas cuenta la progresiva reconquista, por parte de Ulises, de su identidad y su condici\u00f3n de rey de \u00cdtaca. La segunda voz se refiere al espejo. Objeto parad\u00f3jico, sirve como operador simb\u00f3lico para pensar la relaci\u00f3n entre los sexos en la antigua Grecia y como objeto de una disciplina aut\u00f3noma, la cat\u00f3ptrica, rama de la \u00f3ptica dedicada al estudio de la reflexi\u00f3n.<\/p>\n\n\n\n<figure class=\"wp-block-image size-full\"><img loading=\"lazy\" decoding=\"async\" width=\"289\" height=\"234\" src=\"https:\/\/diariodigitalmx.com\/wp-content\/uploads\/2025\/02\/9786071685087.jpg\" alt=\"\" class=\"wp-image-131243\"\/><\/figure>\n\n\n\n<p>&nbsp;Vigilia Del Verbo. Obra Po\u00e9tica 1953-1996. Antolog\u00eda de Jaime Garc\u00eda Terres<\/p>\n\n\n\n<p>El muchacho que comenz\u00f3 a escribir en secreto a los catorce o quince a\u00f1os de edad se mantiene vivo \u2014escribe Rafael Vargas\u2014. En estas p\u00e1ginas asoma al lado del joven que a los 32 a\u00f1os public\u00f3 su primer libro y del maduro se\u00f1or que a los 64 vio reunida por primera vez su poes\u00eda. Todos son uno y el mismo. Esta es una buena oportunidad para conversar con \u00e9l.<\/p>\n","protected":false},"excerpt":{"rendered":"<p>El tren lleg\u00f3 puntual de Heinrich B\u00f6ll La desesperaci\u00f3n por conservar la vida conduce a experimentar los estados de miedo y ansiedad m\u00e1s terribles cuando algo atenta contra \u00e9sta. Andreas, un joven soldado alem\u00e1n que viaja en tren de Par\u00eds a Polonia a finales de la segunda Guerra Mundial es v\u00edctima de la realidad en [&hellip;]<\/p>\n","protected":false},"author":1,"featured_media":131238,"comment_status":"open","ping_status":"open","sticky":true,"template":"","format":"standard","meta":{"footnotes":""},"categories":[11,5],"tags":[],"_links":{"self":[{"href":"https:\/\/diariodigitalmx.com\/index.php\/wp-json\/wp\/v2\/posts\/131236"}],"collection":[{"href":"https:\/\/diariodigitalmx.com\/index.php\/wp-json\/wp\/v2\/posts"}],"about":[{"href":"https:\/\/diariodigitalmx.com\/index.php\/wp-json\/wp\/v2\/types\/post"}],"author":[{"embeddable":true,"href":"https:\/\/diariodigitalmx.com\/index.php\/wp-json\/wp\/v2\/users\/1"}],"replies":[{"embeddable":true,"href":"https:\/\/diariodigitalmx.com\/index.php\/wp-json\/wp\/v2\/comments?post=131236"}],"version-history":[{"count":3,"href":"https:\/\/diariodigitalmx.com\/index.php\/wp-json\/wp\/v2\/posts\/131236\/revisions"}],"predecessor-version":[{"id":131244,"href":"https:\/\/diariodigitalmx.com\/index.php\/wp-json\/wp\/v2\/posts\/131236\/revisions\/131244"}],"wp:featuredmedia":[{"embeddable":true,"href":"https:\/\/diariodigitalmx.com\/index.php\/wp-json\/wp\/v2\/media\/131238"}],"wp:attachment":[{"href":"https:\/\/diariodigitalmx.com\/index.php\/wp-json\/wp\/v2\/media?parent=131236"}],"wp:term":[{"taxonomy":"category","embeddable":true,"href":"https:\/\/diariodigitalmx.com\/index.php\/wp-json\/wp\/v2\/categories?post=131236"},{"taxonomy":"post_tag","embeddable":true,"href":"https:\/\/diariodigitalmx.com\/index.php\/wp-json\/wp\/v2\/tags?post=131236"}],"curies":[{"name":"wp","href":"https:\/\/api.w.org\/{rel}","templated":true}]}}