{"id":131259,"date":"2025-02-17T10:52:04","date_gmt":"2025-02-17T16:52:04","guid":{"rendered":"https:\/\/diariodigitalmx.com\/?p=131259"},"modified":"2025-02-17T10:55:33","modified_gmt":"2025-02-17T16:55:33","slug":"muere-paquita-la-del-barrio","status":"publish","type":"post","link":"https:\/\/diariodigitalmx.com\/index.php\/2025\/02\/17\/muere-paquita-la-del-barrio\/","title":{"rendered":"Muere &#8220;Paquita la del Barrio&#8221;"},"content":{"rendered":"\n<p>Este lunes 17 de febrero muri\u00f3 a los 77 a\u00f1os de edad,<\/p>\n\n\n\n<p>Francisca Viveros Barradas, conocida como \u201c<strong>Paquita la del Barrio<\/strong>\u201d.<\/p>\n\n\n\n<p>El deceso de la cantante se registr\u00f3 mientras estaba en su casa de Veracruz.<\/p>\n\n\n\n<figure class=\"wp-block-image size-full\"><img loading=\"lazy\" decoding=\"async\" width=\"690\" height=\"932\" src=\"https:\/\/diariodigitalmx.com\/wp-content\/uploads\/2025\/02\/Screenshot_20250217_104257_Instagram.jpg\" alt=\"\" class=\"wp-image-131263\" srcset=\"https:\/\/diariodigitalmx.com\/wp-content\/uploads\/2025\/02\/Screenshot_20250217_104257_Instagram.jpg 690w, https:\/\/diariodigitalmx.com\/wp-content\/uploads\/2025\/02\/Screenshot_20250217_104257_Instagram-222x300.jpg 222w\" sizes=\"(max-width: 690px) 100vw, 690px\" \/><\/figure>\n\n\n\n<p>La artista hab\u00eda presentado&nbsp;<strong>problemas de salud<\/strong>&nbsp;desde hace algunos meses, sin embargo, contin\u00fao con algunos proyectos y presentaciones, pero hubo complicaciones posteriores que culminaron con el desenlace.<\/p>\n","protected":false},"excerpt":{"rendered":"<p>Este lunes 17 de febrero muri\u00f3 a los 77 a\u00f1os de edad, Francisca Viveros Barradas, conocida como \u201cPaquita la del Barrio\u201d. El deceso de la cantante se registr\u00f3 mientras estaba en su casa de Veracruz. La artista hab\u00eda presentado&nbsp;problemas de salud&nbsp;desde hace algunos meses, sin embargo, contin\u00fao con algunos proyectos y presentaciones, pero hubo complicaciones [&hellip;]<\/p>\n","protected":false},"author":1,"featured_media":131262,"comment_status":"open","ping_status":"open","sticky":true,"template":"","format":"standard","meta":{"footnotes":""},"categories":[9,3],"tags":[],"_links":{"self":[{"href":"https:\/\/diariodigitalmx.com\/index.php\/wp-json\/wp\/v2\/posts\/131259"}],"collection":[{"href":"https:\/\/diariodigitalmx.com\/index.php\/wp-json\/wp\/v2\/posts"}],"about":[{"href":"https:\/\/diariodigitalmx.com\/index.php\/wp-json\/wp\/v2\/types\/post"}],"author":[{"embeddable":true,"href":"https:\/\/diariodigitalmx.com\/index.php\/wp-json\/wp\/v2\/users\/1"}],"replies":[{"embeddable":true,"href":"https:\/\/diariodigitalmx.com\/index.php\/wp-json\/wp\/v2\/comments?post=131259"}],"version-history":[{"count":2,"href":"https:\/\/diariodigitalmx.com\/index.php\/wp-json\/wp\/v2\/posts\/131259\/revisions"}],"predecessor-version":[{"id":131264,"href":"https:\/\/diariodigitalmx.com\/index.php\/wp-json\/wp\/v2\/posts\/131259\/revisions\/131264"}],"wp:featuredmedia":[{"embeddable":true,"href":"https:\/\/diariodigitalmx.com\/index.php\/wp-json\/wp\/v2\/media\/131262"}],"wp:attachment":[{"href":"https:\/\/diariodigitalmx.com\/index.php\/wp-json\/wp\/v2\/media?parent=131259"}],"wp:term":[{"taxonomy":"category","embeddable":true,"href":"https:\/\/diariodigitalmx.com\/index.php\/wp-json\/wp\/v2\/categories?post=131259"},{"taxonomy":"post_tag","embeddable":true,"href":"https:\/\/diariodigitalmx.com\/index.php\/wp-json\/wp\/v2\/tags?post=131259"}],"curies":[{"name":"wp","href":"https:\/\/api.w.org\/{rel}","templated":true}]}}