{"id":131265,"date":"2025-02-17T11:06:18","date_gmt":"2025-02-17T17:06:18","guid":{"rendered":"https:\/\/diariodigitalmx.com\/?p=131265"},"modified":"2025-02-17T11:11:21","modified_gmt":"2025-02-17T17:11:21","slug":"buscan-coordinadores-ruta-juridica-para-designar-fiscal-general","status":"publish","type":"post","link":"https:\/\/diariodigitalmx.com\/index.php\/2025\/02\/17\/buscan-coordinadores-ruta-juridica-para-designar-fiscal-general\/","title":{"rendered":"Buscan Coordinadores ruta jur\u00eddica para designar Fiscal General"},"content":{"rendered":"\n<figure class=\"wp-block-video\"><video controls src=\"http:\/\/diariodigitalmx.com\/wp-content\/uploads\/2025\/02\/VID-20250217-WA0063.mp4\"><\/video><\/figure>\n\n\n\n<p>El Coordinador del Grupo Legislativo del PRI, Heriberto Trevi\u00f1o Cant\u00fa, hizo un llamado a sus hom\u00f3logos Coordinadores de todas las bancadas legislativas para buscar una ruta jur\u00eddica que destrabe la designaci\u00f3n de un fiscal para Nuevo Le\u00f3n.&nbsp;<\/p>\n\n\n\n<p>Acompa\u00f1ado de sus hom\u00f3logos del PAN y PRD, Trevi\u00f1o Cant\u00fa reconoci\u00f3 que el actual Encargado del Despacho de la Fiscal\u00eda, Pedro Arce ha realizado un gran trabajo, Trevi\u00f1o Cant\u00fa destac\u00f3 que se enviar\u00e1 un oficio a la Direcci\u00f3n Jur\u00eddica del Poder Legislativo para saber cu\u00e1les pasos hay que seguir para resolver el nombramiento del Fiscal de Justicia.&nbsp;<\/p>\n\n\n\n<p>\u201cTenemos m\u00e1s de dos semanas construyendo pl\u00e1ticas, construyendo di\u00e1logo, si estamos en har\u00e1s de que Nuevo Le\u00f3n prospere y que le vaya bien, entonces vamos avanzando con el tema de la Fiscal\u00eda, reconocemos el trabajo que ha hecho Pedro Arce, pero creemos que ya es necesario que haya un titular de la Fiscal\u00eda que est\u00e9 nombrado oficialmente\u201d, resalt\u00f3 el Coordinador del GLPRI.<\/p>\n\n\n\n<p>\u201cEstamos los tres Coordinadores de bancada mostrando voluntad, madurez, sensibilidad y profesionalismo para invitar a nuestros compa\u00f1eros para que se sumen y podamos avanzar para que a Nuevo Le\u00f3n le vaya bien\u201d, agreg\u00f3 Trevi\u00f1o Cant\u00fa.&nbsp;<\/p>\n\n\n\n<p>Carlos de la Fuente Flores, Coordinador del GLPAN manifest\u00f3 que est\u00e1n dadas las condiciones para llevar a cabo la designaci\u00f3n del Fiscal de Justicia.&nbsp;<\/p>\n\n\n\n<p>\u201cLo m\u00e1s importante es que hoy hay voluntad, entonces esperemos que ya no est\u00e1n poniendo trabas o bloqueos jur\u00eddicos\u201d, expres\u00f3.&nbsp;<\/p>\n\n\n\n<p>\u201cLo que estamos buscando es que no siga esta par\u00e1lisis entre el Legislativo y el Ejecutivo, aqu\u00ed hay voluntad desde el inicio del a\u00f1o, los tres Coordinadores que estamos aqu\u00ed al frente hemos tenido reuniones con el Coordinador de Movimiento Ciudadano, creemos que podemos transitar en todos los temas que necesita Nuevo Le\u00f3n para salir adelante\u201d, agreg\u00f3 el Coordinador del GLPAN.&nbsp;<\/p>\n\n\n\n<p>Por su parte, la Coordinadora del Grupo Legislativo del PRD, Perla Villarreal Valdez resalt\u00f3 que Nuevo Le\u00f3n tiene los \u00edndices m\u00e1s altos de inseguridad, por lo que urge tener un Fiscal.<\/p>\n\n\n\n<p>\u201cHoy hay voluntad de parte de todos los coordinadores de poder llegar a este acuerdo, que estamos en la mejor disposici\u00f3n, no sabemos bien la ruta sabemos que es un proceso largo y que hay muchas puntualidades dentro del proceso, vamos a esperar la ruta\u201d, refiri\u00f3 Villarreal Valdez.<\/p>\n","protected":false},"excerpt":{"rendered":"<p>El Coordinador del Grupo Legislativo del PRI, Heriberto Trevi\u00f1o Cant\u00fa, hizo un llamado a sus hom\u00f3logos Coordinadores de todas las bancadas legislativas para buscar una ruta jur\u00eddica que destrabe la designaci\u00f3n de un fiscal para Nuevo Le\u00f3n.&nbsp; Acompa\u00f1ado de sus hom\u00f3logos del PAN y PRD, Trevi\u00f1o Cant\u00fa reconoci\u00f3 que el actual Encargado del Despacho de [&hellip;]<\/p>\n","protected":false},"author":1,"featured_media":131267,"comment_status":"open","ping_status":"open","sticky":true,"template":"","format":"standard","meta":{"footnotes":""},"categories":[6,3],"tags":[],"_links":{"self":[{"href":"https:\/\/diariodigitalmx.com\/index.php\/wp-json\/wp\/v2\/posts\/131265"}],"collection":[{"href":"https:\/\/diariodigitalmx.com\/index.php\/wp-json\/wp\/v2\/posts"}],"about":[{"href":"https:\/\/diariodigitalmx.com\/index.php\/wp-json\/wp\/v2\/types\/post"}],"author":[{"embeddable":true,"href":"https:\/\/diariodigitalmx.com\/index.php\/wp-json\/wp\/v2\/users\/1"}],"replies":[{"embeddable":true,"href":"https:\/\/diariodigitalmx.com\/index.php\/wp-json\/wp\/v2\/comments?post=131265"}],"version-history":[{"count":2,"href":"https:\/\/diariodigitalmx.com\/index.php\/wp-json\/wp\/v2\/posts\/131265\/revisions"}],"predecessor-version":[{"id":131270,"href":"https:\/\/diariodigitalmx.com\/index.php\/wp-json\/wp\/v2\/posts\/131265\/revisions\/131270"}],"wp:featuredmedia":[{"embeddable":true,"href":"https:\/\/diariodigitalmx.com\/index.php\/wp-json\/wp\/v2\/media\/131267"}],"wp:attachment":[{"href":"https:\/\/diariodigitalmx.com\/index.php\/wp-json\/wp\/v2\/media?parent=131265"}],"wp:term":[{"taxonomy":"category","embeddable":true,"href":"https:\/\/diariodigitalmx.com\/index.php\/wp-json\/wp\/v2\/categories?post=131265"},{"taxonomy":"post_tag","embeddable":true,"href":"https:\/\/diariodigitalmx.com\/index.php\/wp-json\/wp\/v2\/tags?post=131265"}],"curies":[{"name":"wp","href":"https:\/\/api.w.org\/{rel}","templated":true}]}}