{"id":131374,"date":"2025-02-19T12:21:36","date_gmt":"2025-02-19T18:21:36","guid":{"rendered":"https:\/\/diariodigitalmx.com\/?p=131374"},"modified":"2025-02-19T12:23:28","modified_gmt":"2025-02-19T18:23:28","slug":"en-riesgo-patrimonio-de-trabajadores-con-reforma-del-infonavit","status":"publish","type":"post","link":"https:\/\/diariodigitalmx.com\/index.php\/2025\/02\/19\/en-riesgo-patrimonio-de-trabajadores-con-reforma-del-infonavit\/","title":{"rendered":"En riesgo patrimonio de trabajadores con reforma del Infonavit"},"content":{"rendered":"\n<p><br>Con la reforma al Infonavit que aprobaron los legisladores de Morena, el patrimonio y el futuro de los trabajadores est\u00e1 en riesgo mientras que el gobierno forma su caja chica con sus ahorros, asegur\u00f3 el presidente del PRI en Nuevo Le\u00f3n, Jos\u00e9 Luis Garza Ochoa.<br>Explic\u00f3\u00a0que,\u00a0ahora el ahorro de los trabajadores en la subcuenta de vivienda, aportado por sus empleadores, ya no ser\u00e1 parte de su patrimonio sino del gobierno y este podr\u00e1 disponer a su arbitrio y<br>discreci\u00f3n de esos recursos.<br>\u201cCon este dinero, agreg\u00f3, se pretende crear una instituci\u00f3n inmobiliaria que\u00a0manejar\u00eda\u00a0el Gobierno Federal, sin presentar reglas de operaci\u00f3n claras ni los beneficios para las y los trabajadores, adem\u00e1s que los derechohabientes ya no podr\u00e1n usar su dinero para comprar la casa nueva o usada que ellos elijan, solo de la constructora creada por el gobierno\u201d.<br>En este sentido, Jos\u00e9 Luis Garza Ochoa, hizo un llamado a las organizaciones obreras y a la ciudadan\u00eda, a unirse a esta lucha y defender a los trabajadores\/as mexicanos.<\/p>\n","protected":false},"excerpt":{"rendered":"<p>Con la reforma al Infonavit que aprobaron los legisladores de Morena, el patrimonio y el futuro de los trabajadores est\u00e1 en riesgo mientras que el gobierno forma su caja chica con sus ahorros, asegur\u00f3 el presidente del PRI en Nuevo Le\u00f3n, Jos\u00e9 Luis Garza Ochoa.Explic\u00f3\u00a0que,\u00a0ahora el ahorro de los trabajadores en la subcuenta de vivienda, [&hellip;]<\/p>\n","protected":false},"author":1,"featured_media":131376,"comment_status":"open","ping_status":"open","sticky":true,"template":"","format":"standard","meta":{"footnotes":""},"categories":[14,6],"tags":[],"_links":{"self":[{"href":"https:\/\/diariodigitalmx.com\/index.php\/wp-json\/wp\/v2\/posts\/131374"}],"collection":[{"href":"https:\/\/diariodigitalmx.com\/index.php\/wp-json\/wp\/v2\/posts"}],"about":[{"href":"https:\/\/diariodigitalmx.com\/index.php\/wp-json\/wp\/v2\/types\/post"}],"author":[{"embeddable":true,"href":"https:\/\/diariodigitalmx.com\/index.php\/wp-json\/wp\/v2\/users\/1"}],"replies":[{"embeddable":true,"href":"https:\/\/diariodigitalmx.com\/index.php\/wp-json\/wp\/v2\/comments?post=131374"}],"version-history":[{"count":1,"href":"https:\/\/diariodigitalmx.com\/index.php\/wp-json\/wp\/v2\/posts\/131374\/revisions"}],"predecessor-version":[{"id":131375,"href":"https:\/\/diariodigitalmx.com\/index.php\/wp-json\/wp\/v2\/posts\/131374\/revisions\/131375"}],"wp:featuredmedia":[{"embeddable":true,"href":"https:\/\/diariodigitalmx.com\/index.php\/wp-json\/wp\/v2\/media\/131376"}],"wp:attachment":[{"href":"https:\/\/diariodigitalmx.com\/index.php\/wp-json\/wp\/v2\/media?parent=131374"}],"wp:term":[{"taxonomy":"category","embeddable":true,"href":"https:\/\/diariodigitalmx.com\/index.php\/wp-json\/wp\/v2\/categories?post=131374"},{"taxonomy":"post_tag","embeddable":true,"href":"https:\/\/diariodigitalmx.com\/index.php\/wp-json\/wp\/v2\/tags?post=131374"}],"curies":[{"name":"wp","href":"https:\/\/api.w.org\/{rel}","templated":true}]}}