{"id":131377,"date":"2025-02-19T14:41:34","date_gmt":"2025-02-19T20:41:34","guid":{"rendered":"https:\/\/diariodigitalmx.com\/?p=131377"},"modified":"2025-02-19T14:44:14","modified_gmt":"2025-02-19T20:44:14","slug":"claudia-sheinbaum-en-nl-mexico-pais-libre-las-naciones-deben-someterse-al-principio-de-no-intervencion-afirma","status":"publish","type":"post","link":"https:\/\/diariodigitalmx.com\/index.php\/2025\/02\/19\/claudia-sheinbaum-en-nl-mexico-pais-libre-las-naciones-deben-someterse-al-principio-de-no-intervencion-afirma\/","title":{"rendered":"Claudia Sheinbaum en NL; M\u00e9xico Pa\u00eds libre, las naciones deben someterse al principio de no intervenci\u00f3n, afirma"},"content":{"rendered":"\n<p>Cerralvo, NL. \u2013 La presidenta de M\u00e9xico, Claudia Sheinbaum celebr\u00f3 en Cerralvo, a 94 kil\u00f3metros al oriente de Monterrey,&nbsp;el&nbsp;<strong>D\u00eda del Ej\u00e9rcito<\/strong>, inaugur\u00f3 el 27 Regimiento de Caballer\u00eda Motorizada en este municipio, anunci\u00f3 un incremento a las percepciones de los integrantes de la instituci\u00f3n, y se\u00f1al\u00f3 que M\u00e9xico es libre, soberano y que, todas las naciones deben someterse al principio de no intervenci\u00f3n.<\/p>\n\n\n\n<p>A su vez,&nbsp;el Comandante del Ej\u00e9rcito mexicano, General de Divisi\u00f3n, Norberto Cort\u00e9s, refrend\u00f3 la lealtad de las fuerzas armadas a la Presidenta Sheinbaum y al pueblo de M\u00e9xico durante el evento del 112 aniversario de la instituci\u00f3n armada.<\/p>\n\n\n\n<p>Al pasar la historia sobre el origen del Ej\u00e9rcito mexicano, la presidenta repas\u00f3 tambi\u00e9n la decena tr\u00e1gica y la traici\u00f3n de Victoriano Huerta, donde dijo, el promotor de aquel terrible episodio el embajador de Estados Unidos en M\u00e9xico Henry Lane Wilson.<\/p>\n\n\n\n<figure class=\"wp-block-image size-full\"><img loading=\"lazy\" decoding=\"async\" width=\"645\" height=\"324\" src=\"https:\/\/diariodigitalmx.com\/wp-content\/uploads\/2025\/02\/IMG-20250219-WA0105.jpg\" alt=\"\" class=\"wp-image-131380\" srcset=\"https:\/\/diariodigitalmx.com\/wp-content\/uploads\/2025\/02\/IMG-20250219-WA0105.jpg 645w, https:\/\/diariodigitalmx.com\/wp-content\/uploads\/2025\/02\/IMG-20250219-WA0105-300x151.jpg 300w\" sizes=\"(max-width: 645px) 100vw, 645px\" \/><\/figure>\n\n\n\n<p>Ante ello, expuso que: \u201cTodas las naciones son iguales ante el derecho, en consecuencia, deben respetar mutua y escrupulosamente sus instituciones, sus leyes y soberan\u00eda someti\u00e9ndose al principio de la no intervenci\u00f3n.<\/p>\n\n\n\n<p>En M\u00e9xico nuestra constituci\u00f3n la soberan\u00eda no solo es el territorio, reside en el pueblo, todo poder p\u00fablico dimana del pueblo y se instituye para beneficio de este. Tiene el pueblo el inalienable derecho de alterar modificar la forma de su gobierno\u201d.<\/p>\n\n\n\n<p>Nuestro ej\u00e9rcito naci\u00f3 en contra de un golpe de estado, las instituciones de las que los miembros forman parte, a diferencia de otras naciones, no viene de las elites, sino que tiene origen popular y se ha mantenido hasta nuestra fecha, coment\u00f3.<\/p>\n\n\n\n<p>Hoy vivimos una nueva transformaci\u00f3n pacifica, pero profundamente justa, libertaria y soberana. M\u00e9xico es un pa\u00eds libre independiente y soberano\u201d, puntualiz\u00f3.<\/p>\n\n\n\n<figure class=\"wp-block-image size-full\"><img loading=\"lazy\" decoding=\"async\" width=\"644\" height=\"316\" src=\"https:\/\/diariodigitalmx.com\/wp-content\/uploads\/2025\/02\/IMG-20250219-WA0106.jpg\" alt=\"\" class=\"wp-image-131382\" srcset=\"https:\/\/diariodigitalmx.com\/wp-content\/uploads\/2025\/02\/IMG-20250219-WA0106.jpg 644w, https:\/\/diariodigitalmx.com\/wp-content\/uploads\/2025\/02\/IMG-20250219-WA0106-300x147.jpg 300w\" sizes=\"(max-width: 644px) 100vw, 644px\" \/><\/figure>\n\n\n\n<p>\u201cReafirmamos nuestro compromiso con la soberan\u00eda que es un derecho inalienable, un grito de libertad que resuena en nuestros corazones. Es la certeza como un solo pueblo unido, podemos enfrentar la adversidad, cuando el pueblo se une no hay fuerza en el mundo que pueda doblegar su esp\u00edritu\u201d, advirti\u00f3.<\/p>\n\n\n\n<p>En su mensaje de reconocimiento al Ej\u00e9rcito, les anunci\u00f3 un incremento a sus percepciones.<\/p>\n\n\n\n<p>&#8220;Les informo que ese agradecimiento el d\u00eda de hoy, en un esfuerzo extraordinario, queremos, quiero decirles que el d\u00eda de hoy hemos tomado la decisi\u00f3n junto con el General Secretario de aumentar tambi\u00e9n sus percepciones&#8221;, les dijo a los militares la presidenta de la Rep\u00fablica por su parte.<br>&#8220;Sepan que, con ello, no solamente es el agradecimiento a su esfuerzo, sino sobre todo que sepan que los llevamos en la mente y en el coraz\u00f3n siempre&#8221;, a\u00f1adi\u00f3 en su mensaje donde record\u00f3 el origen del ej\u00e9rcito, de su lucha en la Revoluci\u00f3n Mexicana, de la defensa de la soberan\u00eda, del pueblo y de la lealtad a M\u00e9xico.<\/p>\n\n\n\n<p>La presidenta&nbsp;<strong>Sheinbaum&nbsp;<\/strong>devel\u00f3 una placa conmemorativa en la entrega de las instalaciones del 27 Regimiento de Caballer\u00eda Motorizado, construido desde 2024 en un terreno de 88 mil metros cuadrados, en donde se edificaron cinco edificios habitacionales para 600 soldados.<\/p>\n\n\n\n<p>En su mensaje, minutos antes, el Comandante del Ej\u00e9rcito mexicano, General de Divisi\u00f3n, Norberto Cort\u00e9s, refrend\u00f3 la lealtad institucional delo Ej\u00e9rcito a la Presidenta Claudia Sheinbaum en su calidad de&nbsp;<strong>Comandanta Suprema de las Fuerzas Armadas<\/strong>.<br><br>&#8220;En esta fecha hist\u00f3rica y trascendental para las mujeres y hombres que integramos las filas del&nbsp;<strong>Ej\u00e9rcito mexicano<\/strong>, le refrendamos nuestro compromiso y lealtad institucional, ese es el ideal que nos motiva a mantenernos fieles y firmes a nuestro pueblo, a las instituciones y a M\u00e9xico&#8221;.<\/p>\n\n\n\n<p>En el evento tambi\u00e9n estuvieron presentes el Secretario de la Defensa, Ricardo Trevilla; el Secretario de Marina, Raymundo Pedro Morales; la Secretaria de Gobernaci\u00f3n, Rosa \u00cdcela Rodr\u00edguez; el Gobernador Samuel Garc\u00eda y tambi\u00e9n el nuevo Fiscal de Justicia de Nuevo Le\u00f3n, Javier Flores.Durante el evento un grupo de activistas defensores del medio ambiente buscaron infructuosamente hablar con la presidenta sobre el tema de la contaminaci\u00f3n que vive el Monterrey metropolitano, pero no tuvieron respuesta y Sheinbaum tampoco abord\u00f3 el asunto en su mensaje.<\/p>\n","protected":false},"excerpt":{"rendered":"<p>Cerralvo, NL. \u2013 La presidenta de M\u00e9xico, Claudia Sheinbaum celebr\u00f3 en Cerralvo, a 94 kil\u00f3metros al oriente de Monterrey,&nbsp;el&nbsp;D\u00eda del Ej\u00e9rcito, inaugur\u00f3 el 27 Regimiento de Caballer\u00eda Motorizada en este municipio, anunci\u00f3 un incremento a las percepciones de los integrantes de la instituci\u00f3n, y se\u00f1al\u00f3 que M\u00e9xico es libre, soberano y que, todas las naciones [&hellip;]<\/p>\n","protected":false},"author":1,"featured_media":131379,"comment_status":"open","ping_status":"open","sticky":true,"template":"","format":"standard","meta":{"footnotes":""},"categories":[2,3,5],"tags":[],"_links":{"self":[{"href":"https:\/\/diariodigitalmx.com\/index.php\/wp-json\/wp\/v2\/posts\/131377"}],"collection":[{"href":"https:\/\/diariodigitalmx.com\/index.php\/wp-json\/wp\/v2\/posts"}],"about":[{"href":"https:\/\/diariodigitalmx.com\/index.php\/wp-json\/wp\/v2\/types\/post"}],"author":[{"embeddable":true,"href":"https:\/\/diariodigitalmx.com\/index.php\/wp-json\/wp\/v2\/users\/1"}],"replies":[{"embeddable":true,"href":"https:\/\/diariodigitalmx.com\/index.php\/wp-json\/wp\/v2\/comments?post=131377"}],"version-history":[{"count":2,"href":"https:\/\/diariodigitalmx.com\/index.php\/wp-json\/wp\/v2\/posts\/131377\/revisions"}],"predecessor-version":[{"id":131383,"href":"https:\/\/diariodigitalmx.com\/index.php\/wp-json\/wp\/v2\/posts\/131377\/revisions\/131383"}],"wp:featuredmedia":[{"embeddable":true,"href":"https:\/\/diariodigitalmx.com\/index.php\/wp-json\/wp\/v2\/media\/131379"}],"wp:attachment":[{"href":"https:\/\/diariodigitalmx.com\/index.php\/wp-json\/wp\/v2\/media?parent=131377"}],"wp:term":[{"taxonomy":"category","embeddable":true,"href":"https:\/\/diariodigitalmx.com\/index.php\/wp-json\/wp\/v2\/categories?post=131377"},{"taxonomy":"post_tag","embeddable":true,"href":"https:\/\/diariodigitalmx.com\/index.php\/wp-json\/wp\/v2\/tags?post=131377"}],"curies":[{"name":"wp","href":"https:\/\/api.w.org\/{rel}","templated":true}]}}