{"id":131384,"date":"2025-02-19T18:29:56","date_gmt":"2025-02-20T00:29:56","guid":{"rendered":"https:\/\/diariodigitalmx.com\/?p=131384"},"modified":"2025-02-19T18:36:26","modified_gmt":"2025-02-20T00:36:26","slug":"convocan-en-monterrey-al-merito-deportivo","status":"publish","type":"post","link":"https:\/\/diariodigitalmx.com\/index.php\/2025\/02\/19\/convocan-en-monterrey-al-merito-deportivo\/","title":{"rendered":"Convocan en Monterrey al m\u00e9rito deportivo"},"content":{"rendered":"\n<p>Luis Cervantes&nbsp;<\/p>\n\n\n\n<p>Hoy se present\u00f3 formalmente ante Cabildo la Convocatoria para elegir candidatos a la presea M\u00e9rito Deportivo \u00c1ngel Mac\u00edas Barba 2025 en el Ayuntamiento de Monterrey.<\/p>\n\n\n\n<p>Encabezada por el Regidor Daniel Villarreal&nbsp; Zambrano, qui\u00e9n preside Comisi\u00f3n de Deportes y Cultura, la Sesi\u00f3n se llev\u00f3 a cabo con la presencia del Director de Deportes Aldo De Negris y a la Secretaria de Desarrollo Humano e Inclusi\u00f3n, Karina Barr\u00f3n.<\/p>\n\n\n\n<p>&#8220;La Recepci\u00f3n de Propuestas se verificar\u00e1 a trav\u00e9s del micro sitio habilitado en la p\u00e1gina web:\u00a0<a href=\"http:\/\/www.monterrey.gob.mx\/\" target=\"_blank\" rel=\"noreferrer noopener\">www.monterrey.gob.mx<\/a>\u00a0y he solicitado a la Direcci\u00f3n de Comunicaci\u00f3n Social su apoyo para la difusi\u00f3n de dicha Convocatoria a trav\u00e9s de las redes sociales&#8221;, inform\u00f3 Villarreal Zambrano.<\/p>\n\n\n\n<figure class=\"wp-block-image size-large\"><img loading=\"lazy\" decoding=\"async\" width=\"1024\" height=\"617\" src=\"https:\/\/diariodigitalmx.com\/wp-content\/uploads\/2025\/02\/IMG-20250219-WA0191-1024x617.jpg\" alt=\"\" class=\"wp-image-131390\" srcset=\"https:\/\/diariodigitalmx.com\/wp-content\/uploads\/2025\/02\/IMG-20250219-WA0191-1024x617.jpg 1024w, https:\/\/diariodigitalmx.com\/wp-content\/uploads\/2025\/02\/IMG-20250219-WA0191-300x181.jpg 300w, https:\/\/diariodigitalmx.com\/wp-content\/uploads\/2025\/02\/IMG-20250219-WA0191-768x463.jpg 768w, https:\/\/diariodigitalmx.com\/wp-content\/uploads\/2025\/02\/IMG-20250219-WA0191-1536x925.jpg 1536w, https:\/\/diariodigitalmx.com\/wp-content\/uploads\/2025\/02\/IMG-20250219-WA0191.jpg 1600w\" sizes=\"(max-width: 1024px) 100vw, 1024px\" \/><\/figure>\n\n\n\n<p>Asimismo, destac\u00f3 la importancia de reconocer a quienes con su esfuerzo y disciplina logran alcanzar metas y conquistar triunfos importantes en materia deportiva.<\/p>\n\n\n\n<p>&#8220;Yo se\u00f1alar\u00eda tambi\u00e9n, adem\u00e1s de nuestros ya conocidos atletas de \u00e9lite que han participado en Juegos Olimpicos, en Mundiales de Atletismo y en general en competencias nacionales, a aquellos profesores, entrenadores que han rescatado a muchos j\u00f3venes de su condici\u00f3n vulnerable e incluso de posibles adicciones nocivas&#8221; precis\u00f3.<\/p>\n\n\n\n<p>Por su parte el Director de Deportes mencion\u00f3 que todo reconocimiento al m\u00e9rito deportivo ser\u00e1 siempre importante para la ciudadan\u00eda.<\/p>\n\n\n\n<p>&#8220;No s\u00f3lo es lo que haces en una cancha, en un campo&nbsp; o en un espacio de cualquier disciplina, sino tambi\u00e9n la labor social que realices para impulsar a otros j\u00f3venes, ni\u00f1os y adultos para fomentar en ellos el sentido de constancia y determinaci\u00f3n para lograr una meta&#8221;&#8230; &#8220;Creo que eso te queda marcado, el ejemplo que des ante la comunidad&#8221;. puntualiz\u00f3 De Nigris.<\/p>\n","protected":false},"excerpt":{"rendered":"<p>Luis Cervantes&nbsp; Hoy se present\u00f3 formalmente ante Cabildo la Convocatoria para elegir candidatos a la presea M\u00e9rito Deportivo \u00c1ngel Mac\u00edas Barba 2025 en el Ayuntamiento de Monterrey. Encabezada por el Regidor Daniel Villarreal&nbsp; Zambrano, qui\u00e9n preside Comisi\u00f3n de Deportes y Cultura, la Sesi\u00f3n se llev\u00f3 a cabo con la presencia del Director de Deportes Aldo [&hellip;]<\/p>\n","protected":false},"author":1,"featured_media":131388,"comment_status":"open","ping_status":"open","sticky":true,"template":"","format":"standard","meta":{"footnotes":""},"categories":[8,14],"tags":[],"_links":{"self":[{"href":"https:\/\/diariodigitalmx.com\/index.php\/wp-json\/wp\/v2\/posts\/131384"}],"collection":[{"href":"https:\/\/diariodigitalmx.com\/index.php\/wp-json\/wp\/v2\/posts"}],"about":[{"href":"https:\/\/diariodigitalmx.com\/index.php\/wp-json\/wp\/v2\/types\/post"}],"author":[{"embeddable":true,"href":"https:\/\/diariodigitalmx.com\/index.php\/wp-json\/wp\/v2\/users\/1"}],"replies":[{"embeddable":true,"href":"https:\/\/diariodigitalmx.com\/index.php\/wp-json\/wp\/v2\/comments?post=131384"}],"version-history":[{"count":2,"href":"https:\/\/diariodigitalmx.com\/index.php\/wp-json\/wp\/v2\/posts\/131384\/revisions"}],"predecessor-version":[{"id":131391,"href":"https:\/\/diariodigitalmx.com\/index.php\/wp-json\/wp\/v2\/posts\/131384\/revisions\/131391"}],"wp:featuredmedia":[{"embeddable":true,"href":"https:\/\/diariodigitalmx.com\/index.php\/wp-json\/wp\/v2\/media\/131388"}],"wp:attachment":[{"href":"https:\/\/diariodigitalmx.com\/index.php\/wp-json\/wp\/v2\/media?parent=131384"}],"wp:term":[{"taxonomy":"category","embeddable":true,"href":"https:\/\/diariodigitalmx.com\/index.php\/wp-json\/wp\/v2\/categories?post=131384"},{"taxonomy":"post_tag","embeddable":true,"href":"https:\/\/diariodigitalmx.com\/index.php\/wp-json\/wp\/v2\/tags?post=131384"}],"curies":[{"name":"wp","href":"https:\/\/api.w.org\/{rel}","templated":true}]}}