{"id":131396,"date":"2025-02-19T18:40:53","date_gmt":"2025-02-20T00:40:53","guid":{"rendered":"https:\/\/diariodigitalmx.com\/?p=131396"},"modified":"2025-02-19T18:45:14","modified_gmt":"2025-02-20T00:45:14","slug":"escobedo-se-suma-a-la-estrategia-por-la-paz-instalan-consejo-de-reconstruccion-social","status":"publish","type":"post","link":"https:\/\/diariodigitalmx.com\/index.php\/2025\/02\/19\/escobedo-se-suma-a-la-estrategia-por-la-paz-instalan-consejo-de-reconstruccion-social\/","title":{"rendered":"Escobedo se suma a la estrategia por la paz; instalan Consejo de Reconstrucci\u00f3n Social"},"content":{"rendered":"\n<p>El Municipio de Escobedo se suma a la Estrategia Nacional por la Paz al instalar el Consejo Municipal de Reconstrucci\u00f3n del Tejido Social, con el que el Gobierno junto a la sociedad trabajar\u00e1n de la mano para generar paz en las comunidades.<br>La instalaci\u00f3n del Consejo se realiz\u00f3 ante familias en la Colonia Villas de San Francisco, donde el Alcalde Andr\u00e9s Mijes, junto a Alejandra Fern\u00e1ndez Garza, Presidenta de Telar A. C. y Jorge Atilano Gonz\u00e1lez Candia, Director Ejecutivo de Dialogo Nacional por la Paz, tom\u00f3 protesta a los integrantes de este nuevo consejo en el que participan funcionarios municipales, asociaciones religiosas, representantes del sector educativo, organismos de la sociedad civil, empresas y vecinos.<br>Mijes explic\u00f3 que el Consejo Municipal de Reconstrucci\u00f3n del Tejido Social tiene como fin el reducir los \u00edndices de violencia en el municipio a trav\u00e9s del fortalecimiento de la identidad comunitaria y v\u00ednculos sociales mediante pol\u00edticas orientadas a promover la cultura por la paz.<br>Precis\u00f3 que como lo marca la Presidenta Claudia Sheinbaum Pardo, en Escobedo se trabaja para la consolidaci\u00f3n de una visi\u00f3n compartida y un compromiso colectivo donde el tejido social sea la clave para lograr un cambio.<br>\u201cSi hay tejido social manda el pueblo, si hay tejido social el gobierno es del pueblo y para el pueblo, y eso nadie lo sabe mejor que nuestra Presidenta, Claudia Sheinbaum Pardo. Y nosotros aqu\u00ed en Escobedo, en la cuna de la 4T Norte\u00f1a, estamos convencidos de que cuando hay tejido social todos sabemos lo que va primero, las necesidades de todos\u201d, se\u00f1al\u00f3 el Edil.<\/p>\n\n\n\n<figure class=\"wp-block-image size-large\"><img loading=\"lazy\" decoding=\"async\" width=\"1024\" height=\"683\" src=\"https:\/\/diariodigitalmx.com\/wp-content\/uploads\/2025\/02\/Q9A6802-1024x683.jpg\" alt=\"\" class=\"wp-image-131401\" srcset=\"https:\/\/diariodigitalmx.com\/wp-content\/uploads\/2025\/02\/Q9A6802-1024x683.jpg 1024w, https:\/\/diariodigitalmx.com\/wp-content\/uploads\/2025\/02\/Q9A6802-300x200.jpg 300w, https:\/\/diariodigitalmx.com\/wp-content\/uploads\/2025\/02\/Q9A6802-768x512.jpg 768w, https:\/\/diariodigitalmx.com\/wp-content\/uploads\/2025\/02\/Q9A6802-1536x1024.jpg 1536w, https:\/\/diariodigitalmx.com\/wp-content\/uploads\/2025\/02\/Q9A6802-2048x1365.jpg 2048w\" sizes=\"(max-width: 1024px) 100vw, 1024px\" \/><\/figure>\n\n\n\n<p>Por su parte, Alejandra Fern\u00e1ndez Garza destac\u00f3 el esfuerzo realizado por el Gobierno Municipal en el tema de la reconstrucci\u00f3n del tejido social, lo cual dijo, buscan sea replicado en otras entidades.<\/p>\n\n\n\n<figure class=\"wp-block-image size-large\"><img loading=\"lazy\" decoding=\"async\" width=\"1024\" height=\"683\" src=\"https:\/\/diariodigitalmx.com\/wp-content\/uploads\/2025\/02\/Q9A6900-1024x683.jpg\" alt=\"\" class=\"wp-image-131403\" srcset=\"https:\/\/diariodigitalmx.com\/wp-content\/uploads\/2025\/02\/Q9A6900-1024x683.jpg 1024w, https:\/\/diariodigitalmx.com\/wp-content\/uploads\/2025\/02\/Q9A6900-300x200.jpg 300w, https:\/\/diariodigitalmx.com\/wp-content\/uploads\/2025\/02\/Q9A6900-768x512.jpg 768w, https:\/\/diariodigitalmx.com\/wp-content\/uploads\/2025\/02\/Q9A6900-1536x1024.jpg 1536w, https:\/\/diariodigitalmx.com\/wp-content\/uploads\/2025\/02\/Q9A6900-2048x1365.jpg 2048w\" sizes=\"(max-width: 1024px) 100vw, 1024px\" \/><\/figure>\n\n\n\n<p>\u201cAqu\u00ed se ha creado un sistema, una metodolog\u00eda transversal en todo el equipo del Municipio, que agradecemos y que no en todos lados lo tenemos, vamos a buscar repetir lo que hacen aqu\u00ed porque es un gran orgullo\u201d, dijo la Presidenta de Telar A.C.<br>En tanto que Jorge Atilano Gonz\u00e1lez Candia, felicit\u00f3 al Alcalde por tomar la iniciativa y ser un referente donde se demuestra que se puede tener la participaci\u00f3n activa de todos los actores pol\u00edticos y sociales para generar un bien com\u00fan.<br>\u201cSe necesitan de los diferentes actores y de la comunidad para poder construir la paz, la pol\u00edtica se rehace desde los problemas de la sociedad y por eso felicito al Alcalde Andr\u00e9s Mijes, por dar todo el impulso a la<br>reconstrucci\u00f3n del Tejido social en Escobedo\u201d, expres\u00f3 el Director Ejecutivo de Dialogo Nacional por la Paz.<br>Para garantizar el avance del programa, se estar\u00e1n realizando en las comunidades evaluaciones trimestrales con las cuales se estar\u00e1n midiendo los cambios que se vayan reflejando tal y como lo es la seguridad.<\/p>\n","protected":false},"excerpt":{"rendered":"<p>El Municipio de Escobedo se suma a la Estrategia Nacional por la Paz al instalar el Consejo Municipal de Reconstrucci\u00f3n del Tejido Social, con el que el Gobierno junto a la sociedad trabajar\u00e1n de la mano para generar paz en las comunidades.La instalaci\u00f3n del Consejo se realiz\u00f3 ante familias en la Colonia Villas de San [&hellip;]<\/p>\n","protected":false},"author":1,"featured_media":131398,"comment_status":"open","ping_status":"open","sticky":true,"template":"","format":"standard","meta":{"footnotes":""},"categories":[14,6],"tags":[],"_links":{"self":[{"href":"https:\/\/diariodigitalmx.com\/index.php\/wp-json\/wp\/v2\/posts\/131396"}],"collection":[{"href":"https:\/\/diariodigitalmx.com\/index.php\/wp-json\/wp\/v2\/posts"}],"about":[{"href":"https:\/\/diariodigitalmx.com\/index.php\/wp-json\/wp\/v2\/types\/post"}],"author":[{"embeddable":true,"href":"https:\/\/diariodigitalmx.com\/index.php\/wp-json\/wp\/v2\/users\/1"}],"replies":[{"embeddable":true,"href":"https:\/\/diariodigitalmx.com\/index.php\/wp-json\/wp\/v2\/comments?post=131396"}],"version-history":[{"count":3,"href":"https:\/\/diariodigitalmx.com\/index.php\/wp-json\/wp\/v2\/posts\/131396\/revisions"}],"predecessor-version":[{"id":131404,"href":"https:\/\/diariodigitalmx.com\/index.php\/wp-json\/wp\/v2\/posts\/131396\/revisions\/131404"}],"wp:featuredmedia":[{"embeddable":true,"href":"https:\/\/diariodigitalmx.com\/index.php\/wp-json\/wp\/v2\/media\/131398"}],"wp:attachment":[{"href":"https:\/\/diariodigitalmx.com\/index.php\/wp-json\/wp\/v2\/media?parent=131396"}],"wp:term":[{"taxonomy":"category","embeddable":true,"href":"https:\/\/diariodigitalmx.com\/index.php\/wp-json\/wp\/v2\/categories?post=131396"},{"taxonomy":"post_tag","embeddable":true,"href":"https:\/\/diariodigitalmx.com\/index.php\/wp-json\/wp\/v2\/tags?post=131396"}],"curies":[{"name":"wp","href":"https:\/\/api.w.org\/{rel}","templated":true}]}}