{"id":131417,"date":"2025-02-19T22:49:51","date_gmt":"2025-02-20T04:49:51","guid":{"rendered":"https:\/\/diariodigitalmx.com\/?p=131417"},"modified":"2025-02-19T23:23:24","modified_gmt":"2025-02-20T05:23:24","slug":"pasara-en-prision-61-anos-por-secuestro-expres-y-robo","status":"publish","type":"post","link":"https:\/\/diariodigitalmx.com\/index.php\/2025\/02\/19\/pasara-en-prision-61-anos-por-secuestro-expres-y-robo\/","title":{"rendered":"Pasar\u00e1 en prisi\u00f3n 61 a\u00f1os por secuestro expr\u00e9s y robo"},"content":{"rendered":"\n<p>Un hombre que fue encontrado culpable de cometer los delitos de\u00a0<strong>secuestro expr\u00e9s<\/strong>\u00a0agravado y robo ejecutado con\u00a0<strong>violencia<\/strong>, en casos ocurridos en los municipios de <strong>Guadalupe y Monterrey respectivamente, fue sentenciado por un juez a 61 a\u00f1os de c\u00e1rcel<\/strong>.<\/p>\n\n\n\n<p>Fue identificado mediante una tarjeta informativa emitida por la Fiscal\u00eda General de Justicia como Dami\u00e1n N., o Jos\u00e9 N., de 34 a\u00f1os de edad, a quien se le comprob\u00f3 su culpabilidad tras el resultado de las investigaciones respectivas de los detectives.<\/p>\n\n\n\n<p><br>En la audiencia de juicio oral penal se le dict\u00f3 la sentencia condenatoria, y el Juez estim\u00f3 dictar una pena en su contra de 61 a\u00f1os y 3 d\u00edas de prisi\u00f3n, los cuales pasar\u00e1 internado en un Centro de Reinserci\u00f3n Social Estatal.<br>Tambi\u00e9n tendr\u00e1 que pagar un monto de 4 mil 450 cuotas como multa por los delitos cometidos.<\/p>\n\n\n\n<p>Entre las acusaciones que se le hacen est\u00e1 la de haber secuestrado y asaltado a mano armada a un taxista, tras abordar la unidad en la&nbsp;<strong>Avenida Benito Ju\u00e1rez<\/strong>&nbsp;frente a la Expo de Guadalupe.<br><br>Posteriormente, en Monterrey lo abandon\u00f3 en un sitio y se llev\u00f3 el veh\u00edculo, el 31 de Marzo del 2022.<br><br>Otro caso fue el 4 de mayo del 2022, cuando asalt\u00f3 a mano armada a los empleados de una oficina ubicada en la calle Nueva York, en la Colonia Abraham Lincoln, en Monterrey.<br><br>Ah\u00ed, el asaltante despoj\u00f3 de computadoras, tel\u00e9fonos celulares de alta gama y un auto BMW a los empleados quienes hicieron la denuncia respectiva.<\/p>\n","protected":false},"excerpt":{"rendered":"<p>Un hombre que fue encontrado culpable de cometer los delitos de\u00a0secuestro expr\u00e9s\u00a0agravado y robo ejecutado con\u00a0violencia, en casos ocurridos en los municipios de Guadalupe y Monterrey respectivamente, fue sentenciado por un juez a 61 a\u00f1os de c\u00e1rcel. Fue identificado mediante una tarjeta informativa emitida por la Fiscal\u00eda General de Justicia como Dami\u00e1n N., o Jos\u00e9 [&hellip;]<\/p>\n","protected":false},"author":1,"featured_media":131427,"comment_status":"open","ping_status":"open","sticky":true,"template":"","format":"standard","meta":{"footnotes":""},"categories":[14,7],"tags":[],"_links":{"self":[{"href":"https:\/\/diariodigitalmx.com\/index.php\/wp-json\/wp\/v2\/posts\/131417"}],"collection":[{"href":"https:\/\/diariodigitalmx.com\/index.php\/wp-json\/wp\/v2\/posts"}],"about":[{"href":"https:\/\/diariodigitalmx.com\/index.php\/wp-json\/wp\/v2\/types\/post"}],"author":[{"embeddable":true,"href":"https:\/\/diariodigitalmx.com\/index.php\/wp-json\/wp\/v2\/users\/1"}],"replies":[{"embeddable":true,"href":"https:\/\/diariodigitalmx.com\/index.php\/wp-json\/wp\/v2\/comments?post=131417"}],"version-history":[{"count":1,"href":"https:\/\/diariodigitalmx.com\/index.php\/wp-json\/wp\/v2\/posts\/131417\/revisions"}],"predecessor-version":[{"id":131418,"href":"https:\/\/diariodigitalmx.com\/index.php\/wp-json\/wp\/v2\/posts\/131417\/revisions\/131418"}],"wp:featuredmedia":[{"embeddable":true,"href":"https:\/\/diariodigitalmx.com\/index.php\/wp-json\/wp\/v2\/media\/131427"}],"wp:attachment":[{"href":"https:\/\/diariodigitalmx.com\/index.php\/wp-json\/wp\/v2\/media?parent=131417"}],"wp:term":[{"taxonomy":"category","embeddable":true,"href":"https:\/\/diariodigitalmx.com\/index.php\/wp-json\/wp\/v2\/categories?post=131417"},{"taxonomy":"post_tag","embeddable":true,"href":"https:\/\/diariodigitalmx.com\/index.php\/wp-json\/wp\/v2\/tags?post=131417"}],"curies":[{"name":"wp","href":"https:\/\/api.w.org\/{rel}","templated":true}]}}