{"id":131419,"date":"2025-02-19T23:15:45","date_gmt":"2025-02-20T05:15:45","guid":{"rendered":"https:\/\/diariodigitalmx.com\/?p=131419"},"modified":"2025-02-19T23:20:04","modified_gmt":"2025-02-20T05:20:04","slug":"compromiso-y-valentia-del-ejercito-mexicano-carlos-pena-ortiz","status":"publish","type":"post","link":"https:\/\/diariodigitalmx.com\/index.php\/2025\/02\/19\/compromiso-y-valentia-del-ejercito-mexicano-carlos-pena-ortiz\/","title":{"rendered":"Compromiso y valent\u00eda del Ej\u00e9rcito Mexicano: Carlos Pe\u00f1a Ortiz"},"content":{"rendered":"\n<p>Reynosa, Tamaulipas. &#8211;&nbsp; El presidente municipal de esta ciudad fronteriza, Carlos Pe\u00f1a Ortiz, reconoci\u00f3 el compromiso y la valent\u00eda del Ej\u00e9rcito Mexicano en la defensa de la soberan\u00eda nacional y de los ciudadanos.<\/p>\n\n\n\n<p>El edil particip\u00f3 en la ceremonia conmemorativa del D\u00eda del Ej\u00e9rcito donde destac\u00f3: \u201cEl Ej\u00e9rcito Mexicano es una instituci\u00f3n que con valent\u00eda y compromiso defiende la soberan\u00eda y la seguridad de nuestro pa\u00eds\u201d.<\/p>\n\n\n\n<p>Por su parte, el Comandante de la Octava Zona Militar, Grl. DEM, Fernando Colchado G\u00f3mez, recalc\u00f3 el orgullo por portar el uniforme de la Patria y subray\u00f3 la satisfacci\u00f3n de hombres y mujeres que integran la instituci\u00f3n mexicana.<\/p>\n\n\n\n<figure class=\"wp-block-image size-full\"><img loading=\"lazy\" decoding=\"async\" width=\"1024\" height=\"683\" src=\"https:\/\/diariodigitalmx.com\/wp-content\/uploads\/2025\/02\/IMG-20250219-WA0089-1024x683-1.jpg\" alt=\"\" class=\"wp-image-131425\" srcset=\"https:\/\/diariodigitalmx.com\/wp-content\/uploads\/2025\/02\/IMG-20250219-WA0089-1024x683-1.jpg 1024w, https:\/\/diariodigitalmx.com\/wp-content\/uploads\/2025\/02\/IMG-20250219-WA0089-1024x683-1-300x200.jpg 300w, https:\/\/diariodigitalmx.com\/wp-content\/uploads\/2025\/02\/IMG-20250219-WA0089-1024x683-1-768x512.jpg 768w\" sizes=\"(max-width: 1024px) 100vw, 1024px\" \/><\/figure>\n\n\n\n<p>\u201cA todos los hombres y mujeres que portamos con orgullo el uniforme de la Patria, con gran satisfacci\u00f3n hoy conmemoramos el Cent\u00e9simo Decimosegundo Aniversario de la creaci\u00f3n del Ej\u00e9rcito Mexicano\u201d, dijo Colchado G\u00f3mez.<\/p>\n\n\n\n<p>En la ceremonia celebrada en las instalaciones militares de Reynosa, adem\u00e1s del alcalde Pe\u00f1a Ortiz, asisti\u00f3 el Secretario General de Gobierno de Tamaulipas, H\u00e9ctor Joel Villegas Gonz\u00e1lez.<\/p>\n\n\n\n<p>El alcalde de Reynosa que alab\u00f3 la valent\u00eda de los hombres y mujeres que conforman el Ej\u00e9rcito Mexicano particip\u00f3 en el evento conmemorativo donde tambi\u00e9n asisti\u00f3 el Coronel de Caballer\u00eda DEM, Israel Gonz\u00e1lez Alatorre, Comandante del 19vo Regimiento de Caballer\u00eda Motorizado.<\/p>\n\n\n\n<p>Tambi\u00e9n estuvieron como invitados especiales Ernesto Cuitl\u00e1huac V\u00e1zquez Reyna, Delegado de la FGR en Tamaulipas; el General Brigadier DEM, Francisco Alvarado Ter\u00e1n, Coordinador Estatal de la Guardia Nacional; Segismundo Dogu\u00edn Mart\u00ednez, Delegado del Instituto Nacional de Migraci\u00f3n en Tamaulipas e integrantes del Ej\u00e9rcito Mexicano.<\/p>\n","protected":false},"excerpt":{"rendered":"<p>Reynosa, Tamaulipas. &#8211;&nbsp; El presidente municipal de esta ciudad fronteriza, Carlos Pe\u00f1a Ortiz, reconoci\u00f3 el compromiso y la valent\u00eda del Ej\u00e9rcito Mexicano en la defensa de la soberan\u00eda nacional y de los ciudadanos. El edil particip\u00f3 en la ceremonia conmemorativa del D\u00eda del Ej\u00e9rcito donde destac\u00f3: \u201cEl Ej\u00e9rcito Mexicano es una instituci\u00f3n que con valent\u00eda [&hellip;]<\/p>\n","protected":false},"author":1,"featured_media":131424,"comment_status":"open","ping_status":"open","sticky":true,"template":"","format":"standard","meta":{"footnotes":""},"categories":[14,5,19],"tags":[],"_links":{"self":[{"href":"https:\/\/diariodigitalmx.com\/index.php\/wp-json\/wp\/v2\/posts\/131419"}],"collection":[{"href":"https:\/\/diariodigitalmx.com\/index.php\/wp-json\/wp\/v2\/posts"}],"about":[{"href":"https:\/\/diariodigitalmx.com\/index.php\/wp-json\/wp\/v2\/types\/post"}],"author":[{"embeddable":true,"href":"https:\/\/diariodigitalmx.com\/index.php\/wp-json\/wp\/v2\/users\/1"}],"replies":[{"embeddable":true,"href":"https:\/\/diariodigitalmx.com\/index.php\/wp-json\/wp\/v2\/comments?post=131419"}],"version-history":[{"count":2,"href":"https:\/\/diariodigitalmx.com\/index.php\/wp-json\/wp\/v2\/posts\/131419\/revisions"}],"predecessor-version":[{"id":131426,"href":"https:\/\/diariodigitalmx.com\/index.php\/wp-json\/wp\/v2\/posts\/131419\/revisions\/131426"}],"wp:featuredmedia":[{"embeddable":true,"href":"https:\/\/diariodigitalmx.com\/index.php\/wp-json\/wp\/v2\/media\/131424"}],"wp:attachment":[{"href":"https:\/\/diariodigitalmx.com\/index.php\/wp-json\/wp\/v2\/media?parent=131419"}],"wp:term":[{"taxonomy":"category","embeddable":true,"href":"https:\/\/diariodigitalmx.com\/index.php\/wp-json\/wp\/v2\/categories?post=131419"},{"taxonomy":"post_tag","embeddable":true,"href":"https:\/\/diariodigitalmx.com\/index.php\/wp-json\/wp\/v2\/tags?post=131419"}],"curies":[{"name":"wp","href":"https:\/\/api.w.org\/{rel}","templated":true}]}}