{"id":131434,"date":"2025-02-20T08:21:56","date_gmt":"2025-02-20T14:21:56","guid":{"rendered":"https:\/\/diariodigitalmx.com\/?p=131434"},"modified":"2025-02-20T08:24:54","modified_gmt":"2025-02-20T14:24:54","slug":"lo-dicho","status":"publish","type":"post","link":"https:\/\/diariodigitalmx.com\/index.php\/2025\/02\/20\/lo-dicho\/","title":{"rendered":"Lo dicho"},"content":{"rendered":"\n<p>Ra\u00fal Guajardo Cant\u00fa <\/p>\n\n\n\n<p>Hace dos d\u00edas comentamos que si se lograba el acuerdo para sacar adelante el presupuesto para este a\u00f1o todo mundo iba a querer llevar agua a su molina cuando el gobernador, Samuel Garc\u00eda, ya nos brind\u00f3 una primera muestra en ese sentido.<\/p>\n\n\n\n<p>Dijo Garc\u00eda que el compromiso de \u201csu gobernador (es) ser un l\u00edder del estado, de buscar unidad, de buscar los proyectos\u201d. Si realmente Samuel piensa as\u00ed, entonces cabr\u00eda preguntarse por qu\u00e9 durante los tres a\u00f1os de su gobierno ha mantenido un perfil m\u00e1s bien rijoso, peleando con el llamado PRIAN, con el Congreso local, con los alcaldes emanados de fuerzas pol\u00edticas diferentes a las suyas.<\/p>\n\n\n\n<p>Porque, recordemos, despu\u00e9s de unos primeros meses de luna de miel en los cuales el Congreso aprob\u00f3 su nueva constituci\u00f3n y el presupuesto para su primer a\u00f1o de gobierno, Samuel comenz\u00f3 a incumplir los compromisos hechos y a polarizar como una forma de ejercicio de poder.<\/p>\n\n\n\n<p>Dice el gobernador que &#8220;Vienen tres a\u00f1os m\u00e1s para nuestro gobierno y vienen tres a\u00f1os m\u00e1s donde voy a seguir pidiendo unidad a todos los alcaldes, al de Monterrey (Adri\u00e1n de la Garza), a todos los diputados, a todos los actores pol\u00edticos&#8221;, \u00bfser\u00e1 que ya no recuerda que ha sido \u00e9l quien ha mantenido viva esa falta de unidad?<\/p>\n\n\n\n<p>En fin, esperemos que realmente Samuel ahora s\u00ed se asuma como el l\u00edder pol\u00edtico del estado y cumpla con sus compromisos sin necesidad de que vengan del centro de pa\u00eds para poner orden en la entidad como al parecer sucedi\u00f3 en esta ocasi\u00f3n despu\u00e9s de tres a\u00f1os durante los cuales la confrontaci\u00f3n fue el pan de cada d\u00eda.<\/p>\n\n\n\n<p>El gobernador dijo tambi\u00e9n que &#8220;Cuando ponemos a la gente por encima de nosotros, salen los proyectos&#8221;, algo en lo cual nosotros hemos insistido, precisamente porque ese poner a la gente por encima de los intereses personales y partidistas de los pol\u00edticos de la entidad ha brillado por su ausencia.<\/p>\n\n\n\n<p>Festejamos que se haya llegado a un acuerdo entre los grupos que se encontraban en tensi\u00f3n, \u201chaiga sido como haiga sido\u201d, pero insistimos, este es apenas un punto de partida, falta que el presupuesto se transforme en realidades, ya sabemos que en ocasiones se destina el dinero para realizar acciones que se encuentran fuera de lo pactado.<\/p>\n\n\n\n<p>Esperamos tambi\u00e9n que los controles que se hayan puesto al ejercicio presupuestal sean los adecuados para que en realidad las obras se lleven a cabo y que si bien el Metro nos ofrezca una versi\u00f3n recortada del proyecto inicial, no sea esta la \u00fanica obra que se lleve a cabo para lucimiento del gobernador, sino que durante estos tres a\u00f1os se desahogue gran parte de su plan de gobierno, el cual present\u00f3 desde su campa\u00f1a electoral.<\/p>\n\n\n\n<p>Por supuesto que hablamos de movilidad, pero tambi\u00e9n de educaci\u00f3n, de contaminaci\u00f3n, de resolver problemas de abasto de agua y, principalmente, de seguridad.<\/p>\n\n\n\n<p>Qu\u00e9 bueno que ya hay presupuesto, qu\u00e9 bueno que, as\u00ed haya sido mediante la intervenci\u00f3n presidencial, se hayan puesto de acuerdo, ahora falta que esto sea en beneficio de nosotros, los ciudadanos.<\/p>\n\n\n\n<p>Ojal\u00e1 Samuel se asuma como l\u00edder del estado y no como jefe de campa\u00f1a de su partido.<\/p>\n","protected":false},"excerpt":{"rendered":"<p>Ra\u00fal Guajardo Cant\u00fa Hace dos d\u00edas comentamos que si se lograba el acuerdo para sacar adelante el presupuesto para este a\u00f1o todo mundo iba a querer llevar agua a su molina cuando el gobernador, Samuel Garc\u00eda, ya nos brind\u00f3 una primera muestra en ese sentido. Dijo Garc\u00eda que el compromiso de \u201csu gobernador (es) ser [&hellip;]<\/p>\n","protected":false},"author":1,"featured_media":130620,"comment_status":"open","ping_status":"open","sticky":true,"template":"","format":"standard","meta":{"footnotes":""},"categories":[14,12],"tags":[],"_links":{"self":[{"href":"https:\/\/diariodigitalmx.com\/index.php\/wp-json\/wp\/v2\/posts\/131434"}],"collection":[{"href":"https:\/\/diariodigitalmx.com\/index.php\/wp-json\/wp\/v2\/posts"}],"about":[{"href":"https:\/\/diariodigitalmx.com\/index.php\/wp-json\/wp\/v2\/types\/post"}],"author":[{"embeddable":true,"href":"https:\/\/diariodigitalmx.com\/index.php\/wp-json\/wp\/v2\/users\/1"}],"replies":[{"embeddable":true,"href":"https:\/\/diariodigitalmx.com\/index.php\/wp-json\/wp\/v2\/comments?post=131434"}],"version-history":[{"count":1,"href":"https:\/\/diariodigitalmx.com\/index.php\/wp-json\/wp\/v2\/posts\/131434\/revisions"}],"predecessor-version":[{"id":131435,"href":"https:\/\/diariodigitalmx.com\/index.php\/wp-json\/wp\/v2\/posts\/131434\/revisions\/131435"}],"wp:featuredmedia":[{"embeddable":true,"href":"https:\/\/diariodigitalmx.com\/index.php\/wp-json\/wp\/v2\/media\/130620"}],"wp:attachment":[{"href":"https:\/\/diariodigitalmx.com\/index.php\/wp-json\/wp\/v2\/media?parent=131434"}],"wp:term":[{"taxonomy":"category","embeddable":true,"href":"https:\/\/diariodigitalmx.com\/index.php\/wp-json\/wp\/v2\/categories?post=131434"},{"taxonomy":"post_tag","embeddable":true,"href":"https:\/\/diariodigitalmx.com\/index.php\/wp-json\/wp\/v2\/tags?post=131434"}],"curies":[{"name":"wp","href":"https:\/\/api.w.org\/{rel}","templated":true}]}}