{"id":131446,"date":"2025-02-20T19:40:54","date_gmt":"2025-02-21T01:40:54","guid":{"rendered":"https:\/\/diariodigitalmx.com\/?p=131446"},"modified":"2025-02-20T19:58:05","modified_gmt":"2025-02-21T01:58:05","slug":"auditor-superior-de-la-federacion-reconoce-a-tamaulipas-por-manejo-pulcro-de-su-cuenta-publica-2023","status":"publish","type":"post","link":"https:\/\/diariodigitalmx.com\/index.php\/2025\/02\/20\/auditor-superior-de-la-federacion-reconoce-a-tamaulipas-por-manejo-pulcro-de-su-cuenta-publica-2023\/","title":{"rendered":"Auditor Superior de la Federaci\u00f3n reconoce a Tamaulipas por manejo pulcro de su Cuenta P\u00fablica 2023"},"content":{"rendered":"\n<p>*Al presentar este d\u00eda ante la C\u00e1mara de Diputados, el informe de la Cuenta P\u00fablica 2023, el titular de la ASF, coloc\u00f3 a Tamaulipas en el primer lugar en manejo de los recursos p\u00fablicos<\/p>\n\n\n\n<p>Ciudad Victoria, Tamaulipas.- Ocupa Tamaulipas el primer lugar en el manejo de recursos p\u00fablicos en la tercera entrega de informes de la Cuenta P\u00fablica 2023, lo anterior&nbsp; lo ha dado a conocer el auditor superior de la Federaci\u00f3n, David Rogelio Colmenares P\u00e1ramo&nbsp;ante la C\u00e1mara de Diputados del Congreso de la Uni\u00f3n.&nbsp;<\/p>\n\n\n\n<p>En esta tercera fase, la contralora gubernamental, Norma Ang\u00e9lica Pedraza Melo, detall\u00f3 que se determin\u00f3 cero monto observado en las auditor\u00edas practicadas en sectores de salud, educaci\u00f3n, asistencia social, participaciones federales e infraestructura hidr\u00e1ulica.<\/p>\n\n\n\n<figure class=\"wp-block-image size-full\"><img loading=\"lazy\" decoding=\"async\" width=\"720\" height=\"665\" src=\"https:\/\/diariodigitalmx.com\/wp-content\/uploads\/2025\/02\/IMG-20250220-WA0209.jpg\" alt=\"\" class=\"wp-image-131461\" srcset=\"https:\/\/diariodigitalmx.com\/wp-content\/uploads\/2025\/02\/IMG-20250220-WA0209.jpg 720w, https:\/\/diariodigitalmx.com\/wp-content\/uploads\/2025\/02\/IMG-20250220-WA0209-300x277.jpg 300w\" sizes=\"(max-width: 720px) 100vw, 720px\" \/><\/figure>\n\n\n\n<p>Lo anterior es un resultado sin precedente para el Gobierno de Tamaulipas, de estar en los primeros lugares en el pa\u00eds, producto de la disciplina en el ejercicio y comprobaci\u00f3n del gasto federalizado.<\/p>\n\n\n\n<p>En el informe final que consolida las tres etapas de fiscalizaci\u00f3n de la Cuenta P\u00fablica 2023, el Gobierno de Tamaulipas, se ubica dentro de los seis&nbsp; primeros lugares de desempe\u00f1o en el pa\u00eds, obteniendo el reconocimiento expreso del auditor superior de la Federaci\u00f3n, por la mejora en la transparencia y rendici\u00f3n de cuentas.<\/p>\n\n\n\n<p>La contralora se\u00f1al\u00f3 que estos resultados sin lugar a duda, son producto del gobierno humanista y transformador que lidera el gobernador Am\u00e9rico Villarreal Anaya.<\/p>\n","protected":false},"excerpt":{"rendered":"<p>*Al presentar este d\u00eda ante la C\u00e1mara de Diputados, el informe de la Cuenta P\u00fablica 2023, el titular de la ASF, coloc\u00f3 a Tamaulipas en el primer lugar en manejo de los recursos p\u00fablicos Ciudad Victoria, Tamaulipas.- Ocupa Tamaulipas el primer lugar en el manejo de recursos p\u00fablicos en la tercera entrega de informes de [&hellip;]<\/p>\n","protected":false},"author":1,"featured_media":131459,"comment_status":"open","ping_status":"open","sticky":true,"template":"","format":"standard","meta":{"footnotes":""},"categories":[3,19],"tags":[],"_links":{"self":[{"href":"https:\/\/diariodigitalmx.com\/index.php\/wp-json\/wp\/v2\/posts\/131446"}],"collection":[{"href":"https:\/\/diariodigitalmx.com\/index.php\/wp-json\/wp\/v2\/posts"}],"about":[{"href":"https:\/\/diariodigitalmx.com\/index.php\/wp-json\/wp\/v2\/types\/post"}],"author":[{"embeddable":true,"href":"https:\/\/diariodigitalmx.com\/index.php\/wp-json\/wp\/v2\/users\/1"}],"replies":[{"embeddable":true,"href":"https:\/\/diariodigitalmx.com\/index.php\/wp-json\/wp\/v2\/comments?post=131446"}],"version-history":[{"count":2,"href":"https:\/\/diariodigitalmx.com\/index.php\/wp-json\/wp\/v2\/posts\/131446\/revisions"}],"predecessor-version":[{"id":131462,"href":"https:\/\/diariodigitalmx.com\/index.php\/wp-json\/wp\/v2\/posts\/131446\/revisions\/131462"}],"wp:featuredmedia":[{"embeddable":true,"href":"https:\/\/diariodigitalmx.com\/index.php\/wp-json\/wp\/v2\/media\/131459"}],"wp:attachment":[{"href":"https:\/\/diariodigitalmx.com\/index.php\/wp-json\/wp\/v2\/media?parent=131446"}],"wp:term":[{"taxonomy":"category","embeddable":true,"href":"https:\/\/diariodigitalmx.com\/index.php\/wp-json\/wp\/v2\/categories?post=131446"},{"taxonomy":"post_tag","embeddable":true,"href":"https:\/\/diariodigitalmx.com\/index.php\/wp-json\/wp\/v2\/tags?post=131446"}],"curies":[{"name":"wp","href":"https:\/\/api.w.org\/{rel}","templated":true}]}}