{"id":131448,"date":"2025-02-20T19:41:55","date_gmt":"2025-02-21T01:41:55","guid":{"rendered":"https:\/\/diariodigitalmx.com\/?p=131448"},"modified":"2025-02-20T19:45:34","modified_gmt":"2025-02-21T01:45:34","slug":"presenta-monterrey-a-comisionado-federal-de-seguridad-el-trabajo-en-la-academia-y-el-c4-municipales","status":"publish","type":"post","link":"https:\/\/diariodigitalmx.com\/index.php\/2025\/02\/20\/presenta-monterrey-a-comisionado-federal-de-seguridad-el-trabajo-en-la-academia-y-el-c4-municipales\/","title":{"rendered":"Presenta Monterrey a Comisionado federal de seguridad el trabajo en la Academia y el C4 municipales"},"content":{"rendered":"\n<p>El alcalde Adri\u00e1n de la Garza Santos, fue anfitri\u00f3n este jueves del comisionado de la Secretar\u00eda federal de Seguridad y Protecci\u00f3n Ciudadana, Omar Amador Escobar Figueroa en los recorridos que realiz\u00f3 por la Academia y C4 municipales.<\/p>\n\n\n\n<p>Constat\u00f3 que la preparaci\u00f3n de los polic\u00edas de Monterrey se realiza conforme a lo que marca la secretar\u00eda que representa y en el Centro de Comando, Control, Comunicaci\u00f3n y C\u00f3mputo regio conoci\u00f3 el proceso de generaci\u00f3n de inteligencia y los resultados en casos relevantes.<\/p>\n\n\n\n<p>De la Garza Santos explic\u00f3 la actividad con el comisionado.<\/p>\n\n\n\n<p>\u201cTuvimos la oportunidad de mostrarle lo que se hace para fortalecer a la Polic\u00eda de Monterrey: el programa Escudo, el programa de inteligencia que hacemos aqu\u00ed en la polic\u00eda, las labores de investigaci\u00f3n para poder intercambiar informaci\u00f3n con las diferentes polic\u00edas del \u00e1rea metropolitana, del Estado y de la Federaci\u00f3n\u201d, detall\u00f3.<\/p>\n\n\n\n<figure class=\"wp-block-image size-large\"><img loading=\"lazy\" decoding=\"async\" width=\"1024\" height=\"682\" src=\"https:\/\/diariodigitalmx.com\/wp-content\/uploads\/2025\/02\/COMISIONADO-2-1024x682.jpeg\" alt=\"\" class=\"wp-image-131451\" srcset=\"https:\/\/diariodigitalmx.com\/wp-content\/uploads\/2025\/02\/COMISIONADO-2-1024x682.jpeg 1024w, https:\/\/diariodigitalmx.com\/wp-content\/uploads\/2025\/02\/COMISIONADO-2-300x200.jpeg 300w, https:\/\/diariodigitalmx.com\/wp-content\/uploads\/2025\/02\/COMISIONADO-2-768x512.jpeg 768w, https:\/\/diariodigitalmx.com\/wp-content\/uploads\/2025\/02\/COMISIONADO-2.jpeg 1280w\" sizes=\"(max-width: 1024px) 100vw, 1024px\" \/><\/figure>\n\n\n\n<p>Reiter\u00f3 el compromiso de su gobierno para apoyar a todas las instancias a fin de reducir los \u00edndices delictivos en la entidad.<\/p>\n\n\n\n<p>El funcionario federal arrib\u00f3 a esta ciudad el mes pasado con la consigna de apoyar a los tres niveles de gobierno a combatir la delincuencia organizada mediante la coordinaci\u00f3n entre instituciones locales, estatales y nacionales, as\u00ed como fortalecer las capacidades de inteligencia.<\/p>\n\n\n\n<p>El delegado est\u00e1 a cargo del operativo \u201cEnjambre\u201d en Nuevo Le\u00f3n, que busca desmantelar redes de protecci\u00f3n criminal desde las corporaciones municipales de seguridad p\u00fablica.<\/p>\n\n\n\n<figure class=\"wp-block-image size-large\"><img loading=\"lazy\" decoding=\"async\" width=\"1024\" height=\"768\" src=\"https:\/\/diariodigitalmx.com\/wp-content\/uploads\/2025\/02\/COMISIONADO-1-1024x768.jpeg\" alt=\"\" class=\"wp-image-131452\" srcset=\"https:\/\/diariodigitalmx.com\/wp-content\/uploads\/2025\/02\/COMISIONADO-1-1024x768.jpeg 1024w, https:\/\/diariodigitalmx.com\/wp-content\/uploads\/2025\/02\/COMISIONADO-1-300x225.jpeg 300w, https:\/\/diariodigitalmx.com\/wp-content\/uploads\/2025\/02\/COMISIONADO-1-768x576.jpeg 768w, https:\/\/diariodigitalmx.com\/wp-content\/uploads\/2025\/02\/COMISIONADO-1.jpeg 1140w\" sizes=\"(max-width: 1024px) 100vw, 1024px\" \/><\/figure>\n\n\n\n<p>Durante la visita, las autoridades supervisaron \u00e1reas clave para la formaci\u00f3n y capacitaci\u00f3n policial, incluyendo los simuladores, el lugar de intervenci\u00f3n, la sala de juicios orales, la escena del crimen, la pista de adiestramiento, entre otras.<\/p>\n\n\n\n<p>El recorrido permiti\u00f3 evaluar el estado de las instalaciones y las estrategias de formaci\u00f3n implementadas en la academia, con el objetivo de fortalecer las capacidades operativas de los elementos de seguridad.<\/p>\n\n\n\n<p>Al t\u00e9rmino, los asistentes se trasladaron a las instalaciones del C4 de Monterrey, donde se llev\u00f3 a cabo una reuni\u00f3n para abordar temas estrat\u00e9gicos en materia de seguridad e inteligencia.<\/p>\n\n\n\n<figure class=\"wp-block-image size-large\"><img loading=\"lazy\" decoding=\"async\" width=\"1024\" height=\"682\" src=\"https:\/\/diariodigitalmx.com\/wp-content\/uploads\/2025\/02\/COMISIONADO-4-1024x682.jpeg\" alt=\"\" class=\"wp-image-131454\" srcset=\"https:\/\/diariodigitalmx.com\/wp-content\/uploads\/2025\/02\/COMISIONADO-4-1024x682.jpeg 1024w, https:\/\/diariodigitalmx.com\/wp-content\/uploads\/2025\/02\/COMISIONADO-4-300x200.jpeg 300w, https:\/\/diariodigitalmx.com\/wp-content\/uploads\/2025\/02\/COMISIONADO-4-768x512.jpeg 768w, https:\/\/diariodigitalmx.com\/wp-content\/uploads\/2025\/02\/COMISIONADO-4.jpeg 1280w\" sizes=\"(max-width: 1024px) 100vw, 1024px\" \/><\/figure>\n\n\n\n<p>En el recorrido estuvieron presentes el comandante Eduardo S\u00e1nchez Quiroz, comisario General de la Secretaria de Seguridad y Protecci\u00f3n a la Ciudadan\u00eda; Jorge Alberto M\u00e1rquez Esparza, Inspector general de operaci\u00f3n policial; Brisilot Alejandro Sandoval S\u00e1nchez, director de Desarrollo Institucional y Carrera Policial; y&nbsp; Mayra Elena Hern\u00e1ndez Maciel, inspectora general de Prevenci\u00f3n de la Violencia y Protecci\u00f3n a la Ciudadan\u00eda.<\/p>\n","protected":false},"excerpt":{"rendered":"<p>El alcalde Adri\u00e1n de la Garza Santos, fue anfitri\u00f3n este jueves del comisionado de la Secretar\u00eda federal de Seguridad y Protecci\u00f3n Ciudadana, Omar Amador Escobar Figueroa en los recorridos que realiz\u00f3 por la Academia y C4 municipales. Constat\u00f3 que la preparaci\u00f3n de los polic\u00edas de Monterrey se realiza conforme a lo que marca la secretar\u00eda [&hellip;]<\/p>\n","protected":false},"author":1,"featured_media":131450,"comment_status":"open","ping_status":"open","sticky":true,"template":"","format":"standard","meta":{"footnotes":""},"categories":[6,3,5],"tags":[],"_links":{"self":[{"href":"https:\/\/diariodigitalmx.com\/index.php\/wp-json\/wp\/v2\/posts\/131448"}],"collection":[{"href":"https:\/\/diariodigitalmx.com\/index.php\/wp-json\/wp\/v2\/posts"}],"about":[{"href":"https:\/\/diariodigitalmx.com\/index.php\/wp-json\/wp\/v2\/types\/post"}],"author":[{"embeddable":true,"href":"https:\/\/diariodigitalmx.com\/index.php\/wp-json\/wp\/v2\/users\/1"}],"replies":[{"embeddable":true,"href":"https:\/\/diariodigitalmx.com\/index.php\/wp-json\/wp\/v2\/comments?post=131448"}],"version-history":[{"count":2,"href":"https:\/\/diariodigitalmx.com\/index.php\/wp-json\/wp\/v2\/posts\/131448\/revisions"}],"predecessor-version":[{"id":131455,"href":"https:\/\/diariodigitalmx.com\/index.php\/wp-json\/wp\/v2\/posts\/131448\/revisions\/131455"}],"wp:featuredmedia":[{"embeddable":true,"href":"https:\/\/diariodigitalmx.com\/index.php\/wp-json\/wp\/v2\/media\/131450"}],"wp:attachment":[{"href":"https:\/\/diariodigitalmx.com\/index.php\/wp-json\/wp\/v2\/media?parent=131448"}],"wp:term":[{"taxonomy":"category","embeddable":true,"href":"https:\/\/diariodigitalmx.com\/index.php\/wp-json\/wp\/v2\/categories?post=131448"},{"taxonomy":"post_tag","embeddable":true,"href":"https:\/\/diariodigitalmx.com\/index.php\/wp-json\/wp\/v2\/tags?post=131448"}],"curies":[{"name":"wp","href":"https:\/\/api.w.org\/{rel}","templated":true}]}}