{"id":131456,"date":"2025-02-20T19:48:30","date_gmt":"2025-02-21T01:48:30","guid":{"rendered":"https:\/\/diariodigitalmx.com\/?p=131456"},"modified":"2025-02-20T19:56:03","modified_gmt":"2025-02-21T01:56:03","slug":"vinculan-a-mujer-que-fingio-embarazo-y-que-le-habian-robado-a-su-recien-nacido","status":"publish","type":"post","link":"https:\/\/diariodigitalmx.com\/index.php\/2025\/02\/20\/vinculan-a-mujer-que-fingio-embarazo-y-que-le-habian-robado-a-su-recien-nacido\/","title":{"rendered":"Vinculan a mujer que fingi\u00f3 embarazo y que le hab\u00edan robado a su reci\u00e9n nacido"},"content":{"rendered":"\n<p>Monterrey . &#8211; La mujer que invento que estaba embarazada y que le robaron su bebe reci\u00e9n nacido, fue vinculada a priceso por los delitos equiparable a la&nbsp;<strong>falsedad de declaraciones<\/strong>&nbsp;y&nbsp;<strong>desorden p\u00fablico<\/strong>.<\/p>\n\n\n\n<p>Tambien se le impone a Silvia de 19 a\u00f1os, la medida cautelar de presentaci\u00f3n peri\u00f3dica para firmar.<\/p>\n\n\n\n<p>El Juez de Control consider\u00f3&nbsp; suficientes las motivos expuestos por el Ministerio P\u00fablico para acreditar la presunta participaci\u00f3n de Silvia, por lo que le dict\u00f3 auto de vinculaci\u00f3n a proceso.<\/p>\n\n\n\n<p>El pasado 12 de febrero la mujer moviliz\u00f3 a diversos cuerpos de seguridad luego de que report\u00f3 que le robaron al bebe reci\u00e9n nacido cuando una pareja von acento extranjero lleg\u00f3 a su casa para ayudarle a inducir en el parto, y que despu\u00e9s, dijo, le inyectaron una sustancia y se durmi\u00f3, pero al despertar ya no estaba su beb\u00e9.<\/p>\n\n\n\n<p>La Fiscal\u00eda lanz\u00f3 la Alert<strong>a Amber<\/strong>&nbsp;y movilizaron agentes con retenes en diversos puntos metropolitanos.<\/p>\n\n\n\n<p>Ese mismo d\u00eda, la Fiscal\u00eda inform\u00f3 que&nbsp;un estudio m\u00e9dico practicado a la mujer detect\u00f3 que invent\u00f3 el embarazo, y que todo lo dem\u00e1s no existi\u00f3.<\/p>\n\n\n\n<p>El supuesto parto se hab\u00eda registrado en la casa de Silvia en&nbsp; la calle Los Aldama, en la Colonia La Concordia, del municipio de Escobedo donde habita con su esposo y su madre.<\/p>\n\n\n\n<p>Silvia Amairani fue trasladada al Hospital Universitario, donde se realizaron los estudios por parte de un m\u00e9dico legista, los que, pusieron al descubierto la mentira.<\/p>\n\n\n\n<p>Luego, la Alerta Amber fue desactivada.<\/p>\n","protected":false},"excerpt":{"rendered":"<p>Monterrey . &#8211; La mujer que invento que estaba embarazada y que le robaron su bebe reci\u00e9n nacido, fue vinculada a priceso por los delitos equiparable a la&nbsp;falsedad de declaraciones&nbsp;y&nbsp;desorden p\u00fablico. Tambien se le impone a Silvia de 19 a\u00f1os, la medida cautelar de presentaci\u00f3n peri\u00f3dica para firmar. El Juez de Control consider\u00f3&nbsp; suficientes las [&hellip;]<\/p>\n","protected":false},"author":1,"featured_media":131458,"comment_status":"open","ping_status":"open","sticky":true,"template":"","format":"standard","meta":{"footnotes":""},"categories":[14,7],"tags":[],"_links":{"self":[{"href":"https:\/\/diariodigitalmx.com\/index.php\/wp-json\/wp\/v2\/posts\/131456"}],"collection":[{"href":"https:\/\/diariodigitalmx.com\/index.php\/wp-json\/wp\/v2\/posts"}],"about":[{"href":"https:\/\/diariodigitalmx.com\/index.php\/wp-json\/wp\/v2\/types\/post"}],"author":[{"embeddable":true,"href":"https:\/\/diariodigitalmx.com\/index.php\/wp-json\/wp\/v2\/users\/1"}],"replies":[{"embeddable":true,"href":"https:\/\/diariodigitalmx.com\/index.php\/wp-json\/wp\/v2\/comments?post=131456"}],"version-history":[{"count":1,"href":"https:\/\/diariodigitalmx.com\/index.php\/wp-json\/wp\/v2\/posts\/131456\/revisions"}],"predecessor-version":[{"id":131457,"href":"https:\/\/diariodigitalmx.com\/index.php\/wp-json\/wp\/v2\/posts\/131456\/revisions\/131457"}],"wp:featuredmedia":[{"embeddable":true,"href":"https:\/\/diariodigitalmx.com\/index.php\/wp-json\/wp\/v2\/media\/131458"}],"wp:attachment":[{"href":"https:\/\/diariodigitalmx.com\/index.php\/wp-json\/wp\/v2\/media?parent=131456"}],"wp:term":[{"taxonomy":"category","embeddable":true,"href":"https:\/\/diariodigitalmx.com\/index.php\/wp-json\/wp\/v2\/categories?post=131456"},{"taxonomy":"post_tag","embeddable":true,"href":"https:\/\/diariodigitalmx.com\/index.php\/wp-json\/wp\/v2\/tags?post=131456"}],"curies":[{"name":"wp","href":"https:\/\/api.w.org\/{rel}","templated":true}]}}